{"id":2238,"date":"2018-01-30T10:36:17","date_gmt":"2018-01-30T16:36:17","guid":{"rendered":"http:\/\/globalnewsmexico.com\/sitio\/?p=2238"},"modified":"2018-01-30T10:36:17","modified_gmt":"2018-01-30T16:36:17","slug":"5-mil-policias-federales-reforzaran-ciudades-clave-del-pais-sales","status":"publish","type":"post","link":"https:\/\/globalnewsmexico.com\/sitio\/5-mil-policias-federales-reforzaran-ciudades-clave-del-pais-sales\/","title":{"rendered":"5 mil polic\u00edas federales reforzar\u00e1n ciudades \u2018clave\u2019 del pa\u00eds: Sales"},"content":{"rendered":"<p>El titular de la CNS, Renato Sales, detall\u00f3 que el despliegue del operativo iniciar\u00e1 en Los Cabos, Canc\u00fan, Colima, Tecom\u00e1n y Manzanillo; las acciones de seguridad se van a sentir, puntualiz\u00f3<\/p>\n<p>El comisionado Nacional de Seguridad, Renato Sales Heredia, inform\u00f3 que se tiene previsto el env\u00edo de m\u00e1s de cinco mil elementos de la Polic\u00eda Federal a \u201cciudades clave\u201d para reforzar la seguridad.<\/p>\n<p>Estamos actuando\u2026 enviando un operativo de la Polic\u00eda Federal con PGR a ciudades clave\u2026 m\u00e1s de cinco mil elementos en una primera etapa y se seguir\u00e1n sumando en cinco ciudades diferentes: Los Cabos, Canc\u00fan, Colima, Tecom\u00e1n y Manzanillo\u00bb, detall\u00f3 en entrevista televisiva.<\/p>\n<p>Advirti\u00f3 que se \u201cva a sentir la presencia del gobierno de la Rep\u00fablica\u201d en estos lugares, sin precisar plazos establecidos; lo que s\u00ed afirm\u00f3, fue que las acciones en materia de seguridad \u201cse van a sentir y se van a percibir\u201d muy r\u00e1pido.<\/p>\n<p>En cuanto a la pr\u00f3xima salida de mil 500 reos, refiri\u00f3 que se trata de aquellos que est\u00e1n siendo procesados o sentenciados por delitos que ya no son graves, que no ameritan prisi\u00f3n preventiva oficiosa con el nuevo sistema, como el robo en transporte p\u00fablico sin violencia.<\/p>\n<p>EXC\u00c9LSIOR.<\/p>\n","protected":false},"excerpt":{"rendered":"<p>El titular de la CNS, Renato Sales, detall\u00f3 que el despliegue del operativo iniciar\u00e1 en Los Cabos, Canc\u00fan, Colima, Tecom\u00e1n y Manzanillo; las acciones de seguridad se van a sentir, puntualiz\u00f3 El comisionado Nacional de Seguridad, Renato Sales Heredia, inform\u00f3 que se tiene previsto el env\u00edo de m\u00e1s de cinco mil elementos de la Polic\u00eda<a class=\"read-more\" href=\"https:\/\/globalnewsmexico.com\/sitio\/5-mil-policias-federales-reforzaran-ciudades-clave-del-pais-sales\/\">Leer m\u00e1s<\/a><\/p>\n","protected":false},"author":6,"featured_media":2240,"comment_status":"closed","ping_status":"open","sticky":false,"template":"","format":"standard","meta":{"spay_email":"","footnotes":""},"categories":[37,39],"tags":[],"jetpack_featured_media_url":"https:\/\/i1.wp.com\/globalnewsmexico.com\/sitio\/wp-content\/uploads\/2018\/01\/1849604.jpg?fit=1200%2C900&ssl=1","jetpack_sharing_enabled":true,"jetpack_shortlink":"https:\/\/wp.me\/p9yqPL-A6","jetpack_likes_enabled":true,"_links":{"self":[{"href":"https:\/\/globalnewsmexico.com\/sitio\/wp-json\/wp\/v2\/posts\/2238"}],"collection":[{"href":"https:\/\/globalnewsmexico.com\/sitio\/wp-json\/wp\/v2\/posts"}],"about":[{"href":"https:\/\/globalnewsmexico.com\/sitio\/wp-json\/wp\/v2\/types\/post"}],"author":[{"embeddable":true,"href":"https:\/\/globalnewsmexico.com\/sitio\/wp-json\/wp\/v2\/users\/6"}],"replies":[{"embeddable":true,"href":"https:\/\/globalnewsmexico.com\/sitio\/wp-json\/wp\/v2\/comments?post=2238"}],"version-history":[{"count":0,"href":"https:\/\/globalnewsmexico.com\/sitio\/wp-json\/wp\/v2\/posts\/2238\/revisions"}],"wp:featuredmedia":[{"embeddable":true,"href":"https:\/\/globalnewsmexico.com\/sitio\/wp-json\/wp\/v2\/media\/2240"}],"wp:attachment":[{"href":"https:\/\/globalnewsmexico.com\/sitio\/wp-json\/wp\/v2\/media?parent=2238"}],"wp:term":[{"taxonomy":"category","embeddable":true,"href":"https:\/\/globalnewsmexico.com\/sitio\/wp-json\/wp\/v2\/categories?post=2238"},{"taxonomy":"post_tag","embeddable":true,"href":"https:\/\/globalnewsmexico.com\/sitio\/wp-json\/wp\/v2\/tags?post=2238"}],"curies":[{"name":"wp","href":"https:\/\/api.w.org\/{rel}","templated":true}]}}