{"id":2303,"date":"2018-01-30T20:08:17","date_gmt":"2018-01-31T02:08:17","guid":{"rendered":"http:\/\/globalnewsmexico.com\/sitio\/?p=2303"},"modified":"2018-01-30T20:11:44","modified_gmt":"2018-01-31T02:11:44","slug":"cita-fge-a-ex-alcalde-de-san-andres-tuxtla-tiene-dos-investigaciones-en-contra","status":"publish","type":"post","link":"https:\/\/globalnewsmexico.com\/sitio\/cita-fge-a-ex-alcalde-de-san-andres-tuxtla-tiene-dos-investigaciones-en-contra\/","title":{"rendered":"Cita FGE a ex alcalde de San Andr\u00e9s Tuxtla; tiene dos investigaciones en contra"},"content":{"rendered":"<p>El exalcalde de San Andr\u00e9s Tuxtla, Manuel Rosendo Pelayo, deber\u00e1 acudir, \u00e9l o su representaci\u00f3n legal, ante la Fiscal\u00eda General del Estado para conocer sobre dos carpetas de investigaci\u00f3n que se siguen en su contra, este jueves 1 de febrero a partir de las 18:00 horas. <\/p>\n<p>Con base en tres citatorios que circulan en las redes sociales, se supo que a Rosendo Pelayo se le abri\u00f3 la carpeta de investigaci\u00f3n FGE\/FIM\/F4\/248\/2017, por lo que deber\u00e1 acudir ante la Fiscal 4, adscrita a la Fiscal\u00eda de Investigaciones Ministeriales, a efecto de notificarle los hechos que se imputan dentro de la carpeta de investigaci\u00f3n 249\/2017, para lo cual deber\u00e1 presentarse con su abogado. <\/p>\n<p>Asimismo, fue citado a declarar ante la Fiscal\u00eda General del Estado por los hechos que se le imputan dentro de la carpeta de investigaci\u00f3n n\u00famero 249\/2017, pero dicho citatorio es para las 19:00 horas. <\/p>\n<p>El \u00f3rgano aut\u00f3nomo abri\u00f3 la carpeta de investigaci\u00f3n FGE\/FIM\/F4\/30\/2018, por lo que cita al exalcalde para que se presente este jueves 1 de febrero, pero a las 20:00 horas, con la finalidad de notificarle los hechos que se l imputan dentro de la carpeta de investigaci\u00f3n 30\/2018.<\/p>\n<p>El exalcalde fue objeto de diversos se\u00f1alamientos por parte del nuevo presidente municipal, Octavio P\u00e9rez Garay, quien por cierto acude este mi\u00e9rcoles a la capital del Estado, a la dependencia federal de Liconsa, luego de que le fueran embargadas las cuentas del Ayuntamiento porque, a pesar de que notificaron al exmun\u00edcipe por la falta de pago de unos bricks de leche, desde mediados del a\u00f1o pasado, no se pag\u00f3 y en d\u00edas pasados, personal de la dependencia federal se aperson\u00f3 para cumplir con la orden de embargo.  <\/p>\n<p>Por \u00c1ngeles Gonz\u00e1lez Ceballos.<br \/>\n<a href=\"https:\/\/i0.wp.com\/globalnewsmexico.com\/sitio\/wp-content\/uploads\/2018\/01\/WhatsApp-Image-2018-01-30-at-7.40.12-PM-1.jpeg?ssl=1\"><img loading=\"lazy\" decoding=\"async\" src=\"https:\/\/i2.wp.com\/globalnewsmexico.com\/sitio\/wp-content\/uploads\/2018\/01\/WhatsApp-Image-2018-01-30-at-7.40.12-PM-1-169x300.jpeg?resize=169%2C300&#038;ssl=1\" alt=\"\" width=\"169\" height=\"300\" class=\"alignnone size-medium wp-image-2307\" srcset=\"https:\/\/i0.wp.com\/globalnewsmexico.com\/sitio\/wp-content\/uploads\/2018\/01\/WhatsApp-Image-2018-01-30-at-7.40.12-PM-1.jpeg?resize=169%2C300&amp;ssl=1 169w, https:\/\/i0.wp.com\/globalnewsmexico.com\/sitio\/wp-content\/uploads\/2018\/01\/WhatsApp-Image-2018-01-30-at-7.40.12-PM-1.jpeg?w=540&amp;ssl=1 540w\" sizes=\"(max-width: 169px) 100vw, 169px\" data-recalc-dims=\"1\" \/><\/a><\/p>\n<p><a href=\"https:\/\/i1.wp.com\/globalnewsmexico.com\/sitio\/wp-content\/uploads\/2018\/01\/WhatsApp-Image-2018-01-30-at-7.40.12-PM.jpeg?ssl=1\"><img loading=\"lazy\" decoding=\"async\" src=\"https:\/\/i1.wp.com\/globalnewsmexico.com\/sitio\/wp-content\/uploads\/2018\/01\/WhatsApp-Image-2018-01-30-at-7.40.12-PM-169x300.jpeg?resize=169%2C300&#038;ssl=1\" alt=\"\" width=\"169\" height=\"300\" class=\"alignnone size-medium wp-image-2308\" srcset=\"https:\/\/i1.wp.com\/globalnewsmexico.com\/sitio\/wp-content\/uploads\/2018\/01\/WhatsApp-Image-2018-01-30-at-7.40.12-PM.jpeg?resize=169%2C300&amp;ssl=1 169w, https:\/\/i1.wp.com\/globalnewsmexico.com\/sitio\/wp-content\/uploads\/2018\/01\/WhatsApp-Image-2018-01-30-at-7.40.12-PM.jpeg?resize=576%2C1024&amp;ssl=1 576w, https:\/\/i1.wp.com\/globalnewsmexico.com\/sitio\/wp-content\/uploads\/2018\/01\/WhatsApp-Image-2018-01-30-at-7.40.12-PM.jpeg?w=581&amp;ssl=1 581w\" sizes=\"(max-width: 169px) 100vw, 169px\" data-recalc-dims=\"1\" \/><\/a><\/p>\n","protected":false},"excerpt":{"rendered":"<p>El exalcalde de San Andr\u00e9s Tuxtla, Manuel Rosendo Pelayo, deber\u00e1 acudir, \u00e9l o su representaci\u00f3n legal, ante la Fiscal\u00eda General del Estado para conocer sobre dos carpetas de investigaci\u00f3n que se siguen en su contra, este jueves 1 de febrero a partir de las 18:00 horas. Con base en tres citatorios que circulan en las<a class=\"read-more\" href=\"https:\/\/globalnewsmexico.com\/sitio\/cita-fge-a-ex-alcalde-de-san-andres-tuxtla-tiene-dos-investigaciones-en-contra\/\">Leer m\u00e1s<\/a><\/p>\n","protected":false},"author":6,"featured_media":2304,"comment_status":"closed","ping_status":"open","sticky":false,"template":"","format":"standard","meta":{"spay_email":"","footnotes":""},"categories":[37,39],"tags":[],"jetpack_featured_media_url":"https:\/\/i0.wp.com\/globalnewsmexico.com\/sitio\/wp-content\/uploads\/2018\/01\/admin_fotos_2017-03-06_Veracruz_419087-1.jpg-1.jpg?fit=1200%2C727&ssl=1","jetpack_sharing_enabled":true,"jetpack_shortlink":"https:\/\/wp.me\/p9yqPL-B9","jetpack_likes_enabled":true,"_links":{"self":[{"href":"https:\/\/globalnewsmexico.com\/sitio\/wp-json\/wp\/v2\/posts\/2303"}],"collection":[{"href":"https:\/\/globalnewsmexico.com\/sitio\/wp-json\/wp\/v2\/posts"}],"about":[{"href":"https:\/\/globalnewsmexico.com\/sitio\/wp-json\/wp\/v2\/types\/post"}],"author":[{"embeddable":true,"href":"https:\/\/globalnewsmexico.com\/sitio\/wp-json\/wp\/v2\/users\/6"}],"replies":[{"embeddable":true,"href":"https:\/\/globalnewsmexico.com\/sitio\/wp-json\/wp\/v2\/comments?post=2303"}],"version-history":[{"count":0,"href":"https:\/\/globalnewsmexico.com\/sitio\/wp-json\/wp\/v2\/posts\/2303\/revisions"}],"wp:featuredmedia":[{"embeddable":true,"href":"https:\/\/globalnewsmexico.com\/sitio\/wp-json\/wp\/v2\/media\/2304"}],"wp:attachment":[{"href":"https:\/\/globalnewsmexico.com\/sitio\/wp-json\/wp\/v2\/media?parent=2303"}],"wp:term":[{"taxonomy":"category","embeddable":true,"href":"https:\/\/globalnewsmexico.com\/sitio\/wp-json\/wp\/v2\/categories?post=2303"},{"taxonomy":"post_tag","embeddable":true,"href":"https:\/\/globalnewsmexico.com\/sitio\/wp-json\/wp\/v2\/tags?post=2303"}],"curies":[{"name":"wp","href":"https:\/\/api.w.org\/{rel}","templated":true}]}}