{"id":2656,"date":"2018-02-02T14:49:22","date_gmt":"2018-02-02T20:49:22","guid":{"rendered":"http:\/\/globalnewsmexico.com\/sitio\/?p=2656"},"modified":"2018-02-02T14:56:48","modified_gmt":"2018-02-02T20:56:48","slug":"instalan-comite-municipal-de-pc-en-alvarado-audio","status":"publish","type":"post","link":"https:\/\/globalnewsmexico.com\/sitio\/instalan-comite-municipal-de-pc-en-alvarado-audio\/","title":{"rendered":"Instalan comit\u00e9 municipal de PC en Alvarado (AUDIO)"},"content":{"rendered":"<p><!--[if lt IE 9]><script>document.createElement('audio');<\/script><![endif]-->\n<audio class=\"wp-audio-shortcode\" id=\"audio-2656-1\" preload=\"none\" style=\"width: 100%;\" controls=\"controls\"><source type=\"audio\/mpeg\" src=\"https:\/\/globalnewsmexico.com\/sitio\/wp-content\/uploads\/2018\/02\/Bogar-Ruiz-comite\u0301-PC.mp3?_=1\" \/><a href=\"https:\/\/globalnewsmexico.com\/sitio\/wp-content\/uploads\/2018\/02\/Bogar-Ruiz-comite\u0301-PC.mp3\">https:\/\/globalnewsmexico.com\/sitio\/wp-content\/uploads\/2018\/02\/Bogar-Ruiz-comite\u0301-PC.mp3<\/a><\/audio><br \/>\nCon la finalidad de establecer estrategias de protecci\u00f3n civil y reducci\u00f3n de riesgo de desastres naturales y dando cumplimiento a la ley 856 de protecci\u00f3n civil, fue instalado formalmente el Comit\u00e9 Municipal de Protecci\u00f3n Civil, el cual ser\u00e1 presidido por el ingeniero Bogar Ruiz Rosas, quien adem\u00e1s tom\u00f3 protesta a todos los integrantes.<\/p>\n<p>El comit\u00e9 tendr\u00e1 entre muchas tareas, la de fomentar la participaci\u00f3n de los sectores sociales y privados en tareas propias de protecci\u00f3n civil, tales como cursos de prevenci\u00f3n de impacto de fen\u00f3menos naturales que puedan golpear el territorio municipal y dar orientaci\u00f3n sobre acciones adecuadas para evitar alg\u00fan accidente.<\/p>\n<p>Esta acci\u00f3n suma al municipio a la instalaci\u00f3n formal de los comit\u00e9s a nivel nacional, estatal y municipal en todo el territorio nacional, organismos con los que se deber\u00e1 buscar convenios de colaboraci\u00f3n de car\u00e1cter federal y estatal, para dar cumplimiento a las acciones en la materia.<\/p>\n<p>El consejo estar\u00e1 conformado por las diferentes autoridades municipales que integran la administraci\u00f3n 2018-2021, entre los que destacan la regidora primera, Lil\u00ed Valencia Cano, como secretaria ejecutiva y el director de servicios municipales, Mario Luis Moreno Campos, quien fungir\u00e1 como secretario t\u00e9cnico.<br \/>\n<a href=\"https:\/\/i1.wp.com\/globalnewsmexico.com\/sitio\/wp-content\/uploads\/2018\/02\/Comite\u0301-PC-4.jpg?ssl=1\"><img loading=\"lazy\" decoding=\"async\" src=\"https:\/\/i1.wp.com\/globalnewsmexico.com\/sitio\/wp-content\/uploads\/2018\/02\/Comite\u0301-PC-4-1024x683.jpg?resize=800%2C534&#038;ssl=1\" alt=\"\" width=\"800\" height=\"534\" class=\"alignleft size-large wp-image-2664\" srcset=\"https:\/\/i1.wp.com\/globalnewsmexico.com\/sitio\/wp-content\/uploads\/2018\/02\/Comite\u0301-PC-4.jpg?resize=1024%2C683&amp;ssl=1 1024w, https:\/\/i1.wp.com\/globalnewsmexico.com\/sitio\/wp-content\/uploads\/2018\/02\/Comite\u0301-PC-4.jpg?resize=300%2C200&amp;ssl=1 300w, https:\/\/i1.wp.com\/globalnewsmexico.com\/sitio\/wp-content\/uploads\/2018\/02\/Comite\u0301-PC-4.jpg?resize=768%2C512&amp;ssl=1 768w, https:\/\/i1.wp.com\/globalnewsmexico.com\/sitio\/wp-content\/uploads\/2018\/02\/Comite\u0301-PC-4.jpg?w=1366&amp;ssl=1 1366w\" sizes=\"(max-width: 800px) 100vw, 800px\" data-recalc-dims=\"1\" \/><\/a><\/p>\n<p><a href=\"https:\/\/i2.wp.com\/globalnewsmexico.com\/sitio\/wp-content\/uploads\/2018\/02\/Comite\u0301-PC-1.jpg?ssl=1\"><img loading=\"lazy\" decoding=\"async\" src=\"https:\/\/i1.wp.com\/globalnewsmexico.com\/sitio\/wp-content\/uploads\/2018\/02\/Comite\u0301-PC-1-1024x684.jpg?resize=800%2C534&#038;ssl=1\" alt=\"\" width=\"800\" height=\"534\" class=\"alignleft size-large wp-image-2662\" srcset=\"https:\/\/i2.wp.com\/globalnewsmexico.com\/sitio\/wp-content\/uploads\/2018\/02\/Comite\u0301-PC-1.jpg?resize=1024%2C684&amp;ssl=1 1024w, https:\/\/i2.wp.com\/globalnewsmexico.com\/sitio\/wp-content\/uploads\/2018\/02\/Comite\u0301-PC-1.jpg?resize=300%2C201&amp;ssl=1 300w, https:\/\/i2.wp.com\/globalnewsmexico.com\/sitio\/wp-content\/uploads\/2018\/02\/Comite\u0301-PC-1.jpg?resize=768%2C513&amp;ssl=1 768w, https:\/\/i2.wp.com\/globalnewsmexico.com\/sitio\/wp-content\/uploads\/2018\/02\/Comite\u0301-PC-1.jpg?w=1366&amp;ssl=1 1366w\" sizes=\"(max-width: 800px) 100vw, 800px\" data-recalc-dims=\"1\" \/><\/a><\/p>\n<p><a href=\"https:\/\/i0.wp.com\/globalnewsmexico.com\/sitio\/wp-content\/uploads\/2018\/02\/Comite\u0301-PC-3.jpg?ssl=1\"><img loading=\"lazy\" decoding=\"async\" src=\"https:\/\/i1.wp.com\/globalnewsmexico.com\/sitio\/wp-content\/uploads\/2018\/02\/Comite\u0301-PC-3-1024x683.jpg?resize=800%2C534&#038;ssl=1\" alt=\"\" width=\"800\" height=\"534\" class=\"alignleft size-large wp-image-2663\" srcset=\"https:\/\/i0.wp.com\/globalnewsmexico.com\/sitio\/wp-content\/uploads\/2018\/02\/Comite\u0301-PC-3.jpg?resize=1024%2C683&amp;ssl=1 1024w, https:\/\/i0.wp.com\/globalnewsmexico.com\/sitio\/wp-content\/uploads\/2018\/02\/Comite\u0301-PC-3.jpg?resize=300%2C200&amp;ssl=1 300w, https:\/\/i0.wp.com\/globalnewsmexico.com\/sitio\/wp-content\/uploads\/2018\/02\/Comite\u0301-PC-3.jpg?resize=768%2C512&amp;ssl=1 768w, https:\/\/i0.wp.com\/globalnewsmexico.com\/sitio\/wp-content\/uploads\/2018\/02\/Comite\u0301-PC-3.jpg?w=1366&amp;ssl=1 1366w\" sizes=\"(max-width: 800px) 100vw, 800px\" data-recalc-dims=\"1\" \/><\/a><\/p>\n","protected":false},"excerpt":{"rendered":"<p>Con la finalidad de establecer estrategias de protecci\u00f3n civil y reducci\u00f3n de riesgo de desastres naturales y dando cumplimiento a la ley 856 de protecci\u00f3n civil, fue instalado formalmente el Comit\u00e9 Municipal de Protecci\u00f3n Civil, el cual ser\u00e1 presidido por el ingeniero Bogar Ruiz Rosas, quien adem\u00e1s tom\u00f3 protesta a todos los integrantes. El comit\u00e9<a class=\"read-more\" href=\"https:\/\/globalnewsmexico.com\/sitio\/instalan-comite-municipal-de-pc-en-alvarado-audio\/\">Leer m\u00e1s<\/a><\/p>\n","protected":false},"author":6,"featured_media":2657,"comment_status":"closed","ping_status":"open","sticky":false,"template":"","format":"standard","meta":{"spay_email":"","footnotes":""},"categories":[37,8,50],"tags":[],"jetpack_featured_media_url":"https:\/\/i2.wp.com\/globalnewsmexico.com\/sitio\/wp-content\/uploads\/2018\/02\/Comite\u0301-PC-2.jpg?fit=1366%2C1010&ssl=1","jetpack_sharing_enabled":true,"jetpack_shortlink":"https:\/\/wp.me\/p9yqPL-GQ","jetpack_likes_enabled":true,"_links":{"self":[{"href":"https:\/\/globalnewsmexico.com\/sitio\/wp-json\/wp\/v2\/posts\/2656"}],"collection":[{"href":"https:\/\/globalnewsmexico.com\/sitio\/wp-json\/wp\/v2\/posts"}],"about":[{"href":"https:\/\/globalnewsmexico.com\/sitio\/wp-json\/wp\/v2\/types\/post"}],"author":[{"embeddable":true,"href":"https:\/\/globalnewsmexico.com\/sitio\/wp-json\/wp\/v2\/users\/6"}],"replies":[{"embeddable":true,"href":"https:\/\/globalnewsmexico.com\/sitio\/wp-json\/wp\/v2\/comments?post=2656"}],"version-history":[{"count":0,"href":"https:\/\/globalnewsmexico.com\/sitio\/wp-json\/wp\/v2\/posts\/2656\/revisions"}],"wp:featuredmedia":[{"embeddable":true,"href":"https:\/\/globalnewsmexico.com\/sitio\/wp-json\/wp\/v2\/media\/2657"}],"wp:attachment":[{"href":"https:\/\/globalnewsmexico.com\/sitio\/wp-json\/wp\/v2\/media?parent=2656"}],"wp:term":[{"taxonomy":"category","embeddable":true,"href":"https:\/\/globalnewsmexico.com\/sitio\/wp-json\/wp\/v2\/categories?post=2656"},{"taxonomy":"post_tag","embeddable":true,"href":"https:\/\/globalnewsmexico.com\/sitio\/wp-json\/wp\/v2\/tags?post=2656"}],"curies":[{"name":"wp","href":"https:\/\/api.w.org\/{rel}","templated":true}]}}