{"id":41535,"date":"2020-01-01T11:27:53","date_gmt":"2020-01-01T17:27:53","guid":{"rendered":"http:\/\/globalnewsmexico.com\/sitio\/?p=41535"},"modified":"2020-01-01T11:27:53","modified_gmt":"2020-01-01T17:27:53","slug":"inicia-amlo-con-baja-en-popularidad-consulta-mitofsky","status":"publish","type":"post","link":"https:\/\/globalnewsmexico.com\/sitio\/inicia-amlo-con-baja-en-popularidad-consulta-mitofsky\/","title":{"rendered":"Inicia AMLO con baja en popularidad: Consulta Mitofsky"},"content":{"rendered":"<p>El presidente Andr\u00e9s Manuel L\u00f3pez Obrador inicia el 2020 con una disminuci\u00f3n en la aprobaci\u00f3n, aunque esta sigue siendo alta pues se ubica en 58.8, se\u00f1al\u00f3 el analista Roy Campos, presidente de Consulta Mitofsky.<\/p>\n<p>\u201cEl a\u00f1o fue bueno, no subi\u00f3 su popularidad, baj\u00f3, empez\u00f3 muy alto, tuvo sus puntos c\u00faspides en marzo o abril, tuvo altas y momentos cr\u00edticos, tuvo de todo, fue un a\u00f1o intenso, pero su aprobaci\u00f3n termin\u00f3 cayendo 5 o 6 puntos, pero eso es muy bueno pues es el presidente que menos ha ca\u00eddo en su popularidad en su primer a\u00f1o de gobierno, de los \u00faltimos cinco presidentes; el primer a\u00f1o de popularidad del presidente pasa la prueba, sobre todo para el tipo de presidente, que es controversial, movido, intenso y planteando grandes cambios\u201d, dijo.<\/p>\n<p>Detall\u00f3 que en la \u00faltima semana de diciembre y principios de enero 2020, la popularidad baj\u00f3 un punto porcentual pese a que no hay alg\u00fan tema o problema que involucre al presidente directamente.<\/p>\n<p>\u201cEsta sensaci\u00f3n de que diciembre siempre es positiva, navidad, virgen, posadas y regalos, encuentros familiares, esto sirve, diciembre fue un buen mes para el presidente, pero a finales, a partir del d\u00eda 28 o 29 de diciembre, empieza el ciudadano a disminuir la aprobaci\u00f3n presidencial, sin motivo aparente, porque el presidente est\u00e1 en un descanso de 4 d\u00edas, no hay ning\u00fan tema pol\u00edtico en M\u00e9xico complicado, el tema del que m\u00e1s se habla es el conflicto con Bolivia, que al mexicano no tiene por qu\u00e9 importarle mucho, entonces \u00bfpor qu\u00e9 baja la probaci\u00f3n al final del a\u00f1o y principios del 2020? Porque al ciudadano, la cuesta de enero le lleg\u00f3 primero la percepci\u00f3n que la realidad, ya empez\u00f3 a pensar en el aumento de precios y servicios y la incertidumbre del a\u00f1o que viene que parece que no viene bien\u201d, se\u00f1ala Roy Campos.<\/p>\n<p>Agreg\u00f3 que: \u201ciniciamos el 2020 con una baja en la aprobaci\u00f3n, que sigue siendo alta, de 59 por ciento, para ser precisos 58.8 por ciento\u201d.<\/p>\n<p>Roy Campos, haciendo un balance del primer a\u00f1o de gobierno del presidente L\u00f3pez Obrador, dijo que en inseguridad el presidente admite que es un pendiente, pues 2019 ha sido el a\u00f1o de m\u00e1s homicidio dolosos de la historia. El presidente reconoci\u00f3 que hay un problema, un d\u00e9ficit y que es una promesa no cumplida y que va a cumplirla y nos pidi\u00f3 un a\u00f1o m\u00e1s para cumplirla.<\/p>\n<p>En cuanto a la econom\u00eda: \u201cAh\u00ed s\u00ed el presidente tiene raz\u00f3n pero no habla del cero crecimiento, las cifras te dicen que no crecimos y ah\u00ed el presidente no alega esa cifra, pero tiene raz\u00f3n cuando habla de tres variables fundamentales que han estado controladas; no aument\u00f3 la inflaci\u00f3n, est\u00e1 controlada, est\u00e1 muy abajo del 3 por ciento, no hay desempleo, el desempleo est\u00e1 controlado y el valor del d\u00f3lar respecto al peso est\u00e1 muy bien, incluso debajo de cuando \u00e9l lleg\u00f3\u201d.<\/p>\n<p>Dijo que la baja en la aprobaci\u00f3n del presidente se debe a que la percepci\u00f3n de los gastos que vienen en este mes de enero, le impactan al ciudadano y con ello su calificaci\u00f3n del gobierno baja.<\/p>\n<p>Roy Campos adelant\u00f3 que los analistas internacionales prev\u00e9n que 2020 ser\u00e1 un a\u00f1o muy complicado para el mundo completo, y es muy dif\u00edcil pensar que al mundo le va mal, a M\u00e9xico le va a ir bien.<\/p>\n<p>Fuente: Xeu Noticias<\/p>\n","protected":false},"excerpt":{"rendered":"<p>El presidente Andr\u00e9s Manuel L\u00f3pez Obrador inicia el 2020 con una disminuci\u00f3n en la aprobaci\u00f3n, aunque esta sigue siendo alta pues se ubica en 58.8, se\u00f1al\u00f3 el analista Roy Campos, presidente de Consulta Mitofsky. \u201cEl a\u00f1o fue bueno, no subi\u00f3 su popularidad, baj\u00f3, empez\u00f3 muy alto, tuvo sus puntos c\u00faspides en marzo o abril, tuvo<a class=\"read-more\" href=\"https:\/\/globalnewsmexico.com\/sitio\/inicia-amlo-con-baja-en-popularidad-consulta-mitofsky\/\">Leer m\u00e1s<\/a><\/p>\n","protected":false},"author":5,"featured_media":41536,"comment_status":"closed","ping_status":"open","sticky":false,"template":"","format":"standard","meta":{"spay_email":"","footnotes":""},"categories":[37,8,39,52],"tags":[],"jetpack_featured_media_url":"https:\/\/i1.wp.com\/globalnewsmexico.com\/sitio\/wp-content\/uploads\/2020\/01\/1076477.jpg?fit=1040%2C657&ssl=1","jetpack_sharing_enabled":true,"jetpack_shortlink":"https:\/\/wp.me\/p9yqPL-aNV","jetpack_likes_enabled":true,"_links":{"self":[{"href":"https:\/\/globalnewsmexico.com\/sitio\/wp-json\/wp\/v2\/posts\/41535"}],"collection":[{"href":"https:\/\/globalnewsmexico.com\/sitio\/wp-json\/wp\/v2\/posts"}],"about":[{"href":"https:\/\/globalnewsmexico.com\/sitio\/wp-json\/wp\/v2\/types\/post"}],"author":[{"embeddable":true,"href":"https:\/\/globalnewsmexico.com\/sitio\/wp-json\/wp\/v2\/users\/5"}],"replies":[{"embeddable":true,"href":"https:\/\/globalnewsmexico.com\/sitio\/wp-json\/wp\/v2\/comments?post=41535"}],"version-history":[{"count":0,"href":"https:\/\/globalnewsmexico.com\/sitio\/wp-json\/wp\/v2\/posts\/41535\/revisions"}],"wp:featuredmedia":[{"embeddable":true,"href":"https:\/\/globalnewsmexico.com\/sitio\/wp-json\/wp\/v2\/media\/41536"}],"wp:attachment":[{"href":"https:\/\/globalnewsmexico.com\/sitio\/wp-json\/wp\/v2\/media?parent=41535"}],"wp:term":[{"taxonomy":"category","embeddable":true,"href":"https:\/\/globalnewsmexico.com\/sitio\/wp-json\/wp\/v2\/categories?post=41535"},{"taxonomy":"post_tag","embeddable":true,"href":"https:\/\/globalnewsmexico.com\/sitio\/wp-json\/wp\/v2\/tags?post=41535"}],"curies":[{"name":"wp","href":"https:\/\/api.w.org\/{rel}","templated":true}]}}