{"id":41542,"date":"2020-01-01T12:04:23","date_gmt":"2020-01-01T18:04:23","guid":{"rendered":"http:\/\/globalnewsmexico.com\/sitio\/?p=41542"},"modified":"2020-01-01T12:04:23","modified_gmt":"2020-01-01T18:04:23","slug":"tropas-de-eu-lanzan-gas-lacrimogeno-frente-a-su-embajada-en-irak","status":"publish","type":"post","link":"https:\/\/globalnewsmexico.com\/sitio\/tropas-de-eu-lanzan-gas-lacrimogeno-frente-a-su-embajada-en-irak\/","title":{"rendered":"Tropas de EU lanzan gas lacrim\u00f3geno frente a su Embajada en Irak"},"content":{"rendered":"<p>Las fuerzas de seguridad de la Embajada estadounidense en Bagdad, lanzaron este mi\u00e9rcoles gas lacrim\u00f3geno para dispersar a cientos de iraqu\u00edes proiran\u00edes que lanzaban piedras hacia la sede diplom\u00e1tica de Estados Unidos.<\/p>\n<p>Los partidarios de una milicia chi\u00edta iraqu\u00ed intentaron este mi\u00e9rcoles acercarse de nuevo a la Embajada de Estados Unidos, quemando banderas de ese pa\u00eds, pero los infantes de marina que custodiaban la Embajada dispararon gas lacrim\u00f3geno para dispersarlos.<\/p>\n<p>El presidente estadounidense, Donald Trump, culp\u00f3 la v\u00edspera a Ir\u00e1n por el ataque a la Embajada y el secretario de Defensa, Mark Esper, anunci\u00f3 m\u00e1s tarde el despliegue inmediato de un batall\u00f3n de infanter\u00eda de unos 750 soldados de la 82 Divisi\u00f3n Aerotransportada del Ej\u00e9rcito en el Medio Oriente.<\/p>\n<p>Los protestas contra la Embajada se dan dos d\u00edas despu\u00e9s de que bombardeos estadounidenses mataron al menos a 25 combatientes de las Brigadas de Hezbol\u00e1, un grupo armado chi\u00edta iraqu\u00ed miembro de las Fuerzas de Movilizaci\u00f3n Popular, coalici\u00f3n de paramilitares dominada por facciones proiran\u00edes.<\/p>\n<p>El Pent\u00e1gono dijo que los bombardeos fueron en represalia a un ataque con cohetes de este grupo, registrado el pasado viernes, contra una base militar en Kirkuk, que mat\u00f3 a un contratista estadounidense y dej\u00f3 a dos soldados heridos.<\/p>\n<p>En tanto, el l\u00edder supremo iran\u00ed, el ayatol\u00e1 Ali Jamenei, neg\u00f3 estar detr\u00e1s del intento de asalto a la sede diplom\u00e1tica, mientras que el portavoz de la Canciller\u00eda, Abas Musav\u00ed, dijo que las acusaciones de Estados Unidos contra Ir\u00e1n en ese sentido es un error de c\u00e1lculo, seg\u00fan inform\u00f3 la agencia local iran\u00ed de noticias, Mehr.<\/p>\n<p>Fuente: Notimex<\/p>\n","protected":false},"excerpt":{"rendered":"<p>Las fuerzas de seguridad de la Embajada estadounidense en Bagdad, lanzaron este mi\u00e9rcoles gas lacrim\u00f3geno para dispersar a cientos de iraqu\u00edes proiran\u00edes que lanzaban piedras hacia la sede diplom\u00e1tica de Estados Unidos. Los partidarios de una milicia chi\u00edta iraqu\u00ed intentaron este mi\u00e9rcoles acercarse de nuevo a la Embajada de Estados Unidos, quemando banderas de ese<a class=\"read-more\" href=\"https:\/\/globalnewsmexico.com\/sitio\/tropas-de-eu-lanzan-gas-lacrimogeno-frente-a-su-embajada-en-irak\/\">Leer m\u00e1s<\/a><\/p>\n","protected":false},"author":5,"featured_media":41543,"comment_status":"closed","ping_status":"open","sticky":false,"template":"","format":"standard","meta":{"spay_email":"","footnotes":""},"categories":[37,8,48,52],"tags":[],"jetpack_featured_media_url":"https:\/\/i1.wp.com\/globalnewsmexico.com\/sitio\/wp-content\/uploads\/2020\/01\/1076439.jpg?fit=1040%2C693&ssl=1","jetpack_sharing_enabled":true,"jetpack_shortlink":"https:\/\/wp.me\/p9yqPL-aO2","jetpack_likes_enabled":true,"_links":{"self":[{"href":"https:\/\/globalnewsmexico.com\/sitio\/wp-json\/wp\/v2\/posts\/41542"}],"collection":[{"href":"https:\/\/globalnewsmexico.com\/sitio\/wp-json\/wp\/v2\/posts"}],"about":[{"href":"https:\/\/globalnewsmexico.com\/sitio\/wp-json\/wp\/v2\/types\/post"}],"author":[{"embeddable":true,"href":"https:\/\/globalnewsmexico.com\/sitio\/wp-json\/wp\/v2\/users\/5"}],"replies":[{"embeddable":true,"href":"https:\/\/globalnewsmexico.com\/sitio\/wp-json\/wp\/v2\/comments?post=41542"}],"version-history":[{"count":0,"href":"https:\/\/globalnewsmexico.com\/sitio\/wp-json\/wp\/v2\/posts\/41542\/revisions"}],"wp:featuredmedia":[{"embeddable":true,"href":"https:\/\/globalnewsmexico.com\/sitio\/wp-json\/wp\/v2\/media\/41543"}],"wp:attachment":[{"href":"https:\/\/globalnewsmexico.com\/sitio\/wp-json\/wp\/v2\/media?parent=41542"}],"wp:term":[{"taxonomy":"category","embeddable":true,"href":"https:\/\/globalnewsmexico.com\/sitio\/wp-json\/wp\/v2\/categories?post=41542"},{"taxonomy":"post_tag","embeddable":true,"href":"https:\/\/globalnewsmexico.com\/sitio\/wp-json\/wp\/v2\/tags?post=41542"}],"curies":[{"name":"wp","href":"https:\/\/api.w.org\/{rel}","templated":true}]}}