{"id":41579,"date":"2020-01-02T09:47:07","date_gmt":"2020-01-02T15:47:07","guid":{"rendered":"http:\/\/globalnewsmexico.com\/sitio\/?p=41579"},"modified":"2020-01-02T09:47:07","modified_gmt":"2020-01-02T15:47:07","slug":"entregar-a-bolivianos-violaria-el-derecho-de-asilo-politico-amlo","status":"publish","type":"post","link":"https:\/\/globalnewsmexico.com\/sitio\/entregar-a-bolivianos-violaria-el-derecho-de-asilo-politico-amlo\/","title":{"rendered":"Entregar a bolivianos violar\u00eda el derecho de asilo pol\u00edtico: AMLO"},"content":{"rendered":"<p>Tras la expulsi\u00f3n de la embajadora de M\u00e9xico en Bolivia, Mar\u00eda Teresa Mercado, el presidente Andr\u00e9s Manuel L\u00f3pez Obrador dijo que se har\u00e1 valer el derecho de asilo, pues no se puede \u00abflaquear en este asunto de dar protecci\u00f3n a perseguidos pol\u00edticos\u00bb.<\/p>\n<p>\u00abLa instrucci\u00f3n que tienen es que se haga valer el derecho de asilo, y que no podemos flaquear en este asunto de dar protecci\u00f3n a perseguidos pol\u00edticos que recibieron en nuestra embajada un asilo, y luego de que se les dio este se produjeron \u00f3rdenes de aprehensi\u00f3n.<\/p>\n<p>Si nosotros entregamos a estas personas, estar\u00edamos acabando con el derecho de asilo que para M\u00e9xico es sagrado, es parte del derecho internacional, pero en nuestro pa\u00eds ante circunstancias m\u00e1s dif\u00edciles se ha hecho valer, es un asunto de principios\u00bb, manifest\u00f3. <\/p>\n<p>Reconoci\u00f3 la labor de Mar\u00eda Teresa Mercado, quien fue declarada persona no grata en dicho pa\u00eds, y manifest\u00f3 que \u00abhizo un papel destacado, la reconocemos mucho y es una diplom\u00e1tica de primer orden que actu\u00f3 con firmeza\u00bb.<\/p>\n<p>Fuente: Milenio<\/p>\n","protected":false},"excerpt":{"rendered":"<p>Tras la expulsi\u00f3n de la embajadora de M\u00e9xico en Bolivia, Mar\u00eda Teresa Mercado, el presidente Andr\u00e9s Manuel L\u00f3pez Obrador dijo que se har\u00e1 valer el derecho de asilo, pues no se puede \u00abflaquear en este asunto de dar protecci\u00f3n a perseguidos pol\u00edticos\u00bb. \u00abLa instrucci\u00f3n que tienen es que se haga valer el derecho de asilo,<a class=\"read-more\" href=\"https:\/\/globalnewsmexico.com\/sitio\/entregar-a-bolivianos-violaria-el-derecho-de-asilo-politico-amlo\/\">Leer m\u00e1s<\/a><\/p>\n","protected":false},"author":5,"featured_media":41580,"comment_status":"closed","ping_status":"open","sticky":false,"template":"","format":"standard","meta":{"spay_email":"","footnotes":""},"categories":[37,8,39,52],"tags":[],"jetpack_featured_media_url":"https:\/\/i1.wp.com\/globalnewsmexico.com\/sitio\/wp-content\/uploads\/2020\/01\/ano-amlo-conferencia-nelly-salas.jpeg?fit=1040%2C647&ssl=1","jetpack_sharing_enabled":true,"jetpack_shortlink":"https:\/\/wp.me\/p9yqPL-aOD","jetpack_likes_enabled":true,"_links":{"self":[{"href":"https:\/\/globalnewsmexico.com\/sitio\/wp-json\/wp\/v2\/posts\/41579"}],"collection":[{"href":"https:\/\/globalnewsmexico.com\/sitio\/wp-json\/wp\/v2\/posts"}],"about":[{"href":"https:\/\/globalnewsmexico.com\/sitio\/wp-json\/wp\/v2\/types\/post"}],"author":[{"embeddable":true,"href":"https:\/\/globalnewsmexico.com\/sitio\/wp-json\/wp\/v2\/users\/5"}],"replies":[{"embeddable":true,"href":"https:\/\/globalnewsmexico.com\/sitio\/wp-json\/wp\/v2\/comments?post=41579"}],"version-history":[{"count":0,"href":"https:\/\/globalnewsmexico.com\/sitio\/wp-json\/wp\/v2\/posts\/41579\/revisions"}],"wp:featuredmedia":[{"embeddable":true,"href":"https:\/\/globalnewsmexico.com\/sitio\/wp-json\/wp\/v2\/media\/41580"}],"wp:attachment":[{"href":"https:\/\/globalnewsmexico.com\/sitio\/wp-json\/wp\/v2\/media?parent=41579"}],"wp:term":[{"taxonomy":"category","embeddable":true,"href":"https:\/\/globalnewsmexico.com\/sitio\/wp-json\/wp\/v2\/categories?post=41579"},{"taxonomy":"post_tag","embeddable":true,"href":"https:\/\/globalnewsmexico.com\/sitio\/wp-json\/wp\/v2\/tags?post=41579"}],"curies":[{"name":"wp","href":"https:\/\/api.w.org\/{rel}","templated":true}]}}