{"id":41583,"date":"2020-01-02T10:07:48","date_gmt":"2020-01-02T16:07:48","guid":{"rendered":"http:\/\/globalnewsmexico.com\/sitio\/?p=41583"},"modified":"2020-01-02T10:07:48","modified_gmt":"2020-01-02T16:07:48","slug":"consolidar-el-gobierno-y-establecer-bases-de-la-4t-propositos-de-amlo","status":"publish","type":"post","link":"https:\/\/globalnewsmexico.com\/sitio\/consolidar-el-gobierno-y-establecer-bases-de-la-4t-propositos-de-amlo\/","title":{"rendered":"Consolidar el Gobierno y establecer bases de la 4T: prop\u00f3sitos de AMLO"},"content":{"rendered":"<p>El presidente Andr\u00e9s Manuel L\u00f3pez Obrador dijo que sus prop\u00f3sitos para este a\u00f1o son consolidar el Gobierno y que en diciembre se hayan establecido \u00ablas bases de la transformaci\u00f3n de M\u00e9xico\u00bb.<\/p>\n<p>\u00abYo ped\u00ed a los mexicanos un a\u00f1o m\u00e1s, el 1 de diciembre de este a\u00f1o quiero informar que ya se establecieron las bases de la cuarta transformaci\u00f3n y voy a trabajar con ese prop\u00f3sito, lo que haga falta para entregar buenas cuentas el 1 de diciembre.<\/p>\n<p>Quiero que le vaya muy bien a los pobres, que no sufran, que le vaya bien al pueblo y que al mismo tiempo podamos ir serenando al pa\u00eds, que nuestros problemas que se van a presentar este a\u00f1o los podamos resolver sin que haya p\u00e9rdidas de vidas humanas, y que tambi\u00e9n sea ben\u00e9vola con nosotros la naturaleza para que no tengamos que padecer de ninguna tragedia, esos son mis deseos para que estemos contentos y en paz\u00bb, expres\u00f3.<\/p>\n<p>De acuerdo con el presidente, este a\u00f1o se implementar\u00e1n algunas acciones que consoliden seguridad y bienestar en M\u00e9xico, entre ellas: <\/p>\n<p>-Reforzar lo relacionado con el bienestar para no dejar de atender a los j\u00f3venes y que haya trabajo y nadie se vea obligado a tomar conductas antisociales.<\/p>\n<p>-Trabajar m\u00e1s en tener m\u00e1s informaci\u00f3n, es decir, m\u00e1s inteligencia y menos uso de la fuerza.<\/p>\n<p>-Seguir consolidando a la Guardia Nacional.<\/p>\n<p>-No permitir la asociaci\u00f3n delictuosa, as\u00ed como el contubernio entre delincuencia y autoridades.<\/p>\n<p>Fuente: Milenio<\/p>\n","protected":false},"excerpt":{"rendered":"<p>El presidente Andr\u00e9s Manuel L\u00f3pez Obrador dijo que sus prop\u00f3sitos para este a\u00f1o son consolidar el Gobierno y que en diciembre se hayan establecido \u00ablas bases de la transformaci\u00f3n de M\u00e9xico\u00bb. \u00abYo ped\u00ed a los mexicanos un a\u00f1o m\u00e1s, el 1 de diciembre de este a\u00f1o quiero informar que ya se establecieron las bases de<a class=\"read-more\" href=\"https:\/\/globalnewsmexico.com\/sitio\/consolidar-el-gobierno-y-establecer-bases-de-la-4t-propositos-de-amlo\/\">Leer m\u00e1s<\/a><\/p>\n","protected":false},"author":5,"featured_media":41584,"comment_status":"closed","ping_status":"open","sticky":false,"template":"","format":"standard","meta":{"spay_email":"","footnotes":""},"categories":[37,8,40,52],"tags":[],"jetpack_featured_media_url":"https:\/\/i1.wp.com\/globalnewsmexico.com\/sitio\/wp-content\/uploads\/2020\/01\/Captura-1.jpg?fit=1040%2C637&ssl=1","jetpack_sharing_enabled":true,"jetpack_shortlink":"https:\/\/wp.me\/p9yqPL-aOH","jetpack_likes_enabled":true,"_links":{"self":[{"href":"https:\/\/globalnewsmexico.com\/sitio\/wp-json\/wp\/v2\/posts\/41583"}],"collection":[{"href":"https:\/\/globalnewsmexico.com\/sitio\/wp-json\/wp\/v2\/posts"}],"about":[{"href":"https:\/\/globalnewsmexico.com\/sitio\/wp-json\/wp\/v2\/types\/post"}],"author":[{"embeddable":true,"href":"https:\/\/globalnewsmexico.com\/sitio\/wp-json\/wp\/v2\/users\/5"}],"replies":[{"embeddable":true,"href":"https:\/\/globalnewsmexico.com\/sitio\/wp-json\/wp\/v2\/comments?post=41583"}],"version-history":[{"count":0,"href":"https:\/\/globalnewsmexico.com\/sitio\/wp-json\/wp\/v2\/posts\/41583\/revisions"}],"wp:featuredmedia":[{"embeddable":true,"href":"https:\/\/globalnewsmexico.com\/sitio\/wp-json\/wp\/v2\/media\/41584"}],"wp:attachment":[{"href":"https:\/\/globalnewsmexico.com\/sitio\/wp-json\/wp\/v2\/media?parent=41583"}],"wp:term":[{"taxonomy":"category","embeddable":true,"href":"https:\/\/globalnewsmexico.com\/sitio\/wp-json\/wp\/v2\/categories?post=41583"},{"taxonomy":"post_tag","embeddable":true,"href":"https:\/\/globalnewsmexico.com\/sitio\/wp-json\/wp\/v2\/tags?post=41583"}],"curies":[{"name":"wp","href":"https:\/\/api.w.org\/{rel}","templated":true}]}}