{"id":41619,"date":"2020-01-02T13:50:42","date_gmt":"2020-01-02T19:50:42","guid":{"rendered":"http:\/\/globalnewsmexico.com\/sitio\/?p=41619"},"modified":"2020-01-02T13:50:42","modified_gmt":"2020-01-02T19:50:42","slug":"amlo-califica-de-propaganda-declaraciones-de-ezln-sobre-tren-maya","status":"publish","type":"post","link":"https:\/\/globalnewsmexico.com\/sitio\/amlo-califica-de-propaganda-declaraciones-de-ezln-sobre-tren-maya\/","title":{"rendered":"AMLO califica de propaganda declaraciones de EZLN sobre Tren Maya"},"content":{"rendered":"<p>El presidente Andr\u00e9s Manuel L\u00f3pez Obrador consider\u00f3 que la advertencia del EZLN sobre defender con la vida sus tierras y no permitir el desarrollo del Tren Maya, es \u201cmucha propaganda y mucha carga ideol\u00f3gica\u201d que no corresponde con la realidad, por lo que dej\u00f3 claro que \u00e9l no es un oportunista y los ind\u00edgenas no son sus enemigos.<\/p>\n<p>Luego de que, al conmemorar el 26 aniversario del levantamiento armado, el comandante \u2018Mois\u00e9s\u2019 reiter\u00f3 por segundo a\u00f1o consecutivo el rechazo tajante de los zapatistas a los proyectos que el Gobierno federal pretende impulsar en el sureste del pa\u00eds, el presidente critic\u00f3 la declaraci\u00f3n en la que el mando zapatista sostuvo que defend\u00edan sus tierras con la vida, de ser necesario.<\/p>\n<p>\u201cLes dir\u00eda que no tienen toda la informaci\u00f3n, no se va a afectar en nada y se est\u00e1 respetando a las comunidades ind\u00edgenas. Ya se inform\u00f3 sobre esto y se va a seguir informando, estaba leyendo eso de que \u2018si se meten con nuestras tierras estamos dispuestos a dar hasta la vida\u2019, pues \u00a1no se apega a la realidad eso! \u00a1Es mucha propaganda! \u00a1Mucha carga ideol\u00f3gica! pero nosotros no somos as\u00ed, no le vamos a quitar la tierra a nadie, al contrario\u201d.<\/p>\n<p>En conferencia matutina, L\u00f3pez Obrador tambi\u00e9n sostuvo que su gobierno no tiene adversarios y muchos menos considera a los ind\u00edgenas sus enemigos pues por el contrario, en este sexenio se apoyar\u00e1n a los pueblos originarios como nunca antes.<\/p>\n<p>Por lo que, al dejar claro que \u00e9l no es un oportunista, critic\u00f3 que haya grupos que se han dedicado a sacar provecho de los m\u00e1s pobres.<\/p>\n<p>\u201cHoy puedo decir que las comunidades est\u00e1n recibiendo apoyo como nunca, lo tengo ning\u00fan problema de conciencia, he trabajado 40 a\u00f1os por los pobres y por los ind\u00edgenas. Yo no soy un oportunista. Los extremos se tocan pero ya se van a ir tranquilizando, serenando, entendiendo que no es lo mismo y que no es un asunto de ideolog\u00edas, es un asunto que tiene que ver con la congruencia. Y no estar nada m\u00e1s administrando la pobreza, sacando provecho sin hacer nada, es muy c\u00f3modo hacer an\u00e1lisis de la realidad sin hacer nada\u201d.<\/p>\n<p>Al ser el segundo a\u00f1o que celebran el inicio de su movimiento con esta advertencia contra el gobierno de la \u00abcuarta transformaci\u00f3n\u00bb, se le pregunt\u00f3 al Presidente si considera tener un acercamiento directo con estas comunidades, y aunque dijo que podr\u00eda hacer el Instituto Nacional Indigenista, \u00e9l informa en general a todos los mexicanos.<\/p>\n<p>\u201cEs que yo hablo para todos, estuve en Guadalupe Tepeyac y me trataron con respeto y yo los trato con respeto, por s\u00ed me extra\u00f1a el que \u2018vamos a defender con la vida\u2019, \u00a1si yo no soy Salinas! Pero son libres de plantear lo que consideren\u201d, explic\u00f3.<\/p>\n<p>Fuente: Milenio<\/p>\n","protected":false},"excerpt":{"rendered":"<p>El presidente Andr\u00e9s Manuel L\u00f3pez Obrador consider\u00f3 que la advertencia del EZLN sobre defender con la vida sus tierras y no permitir el desarrollo del Tren Maya, es \u201cmucha propaganda y mucha carga ideol\u00f3gica\u201d que no corresponde con la realidad, por lo que dej\u00f3 claro que \u00e9l no es un oportunista y los ind\u00edgenas no<a class=\"read-more\" href=\"https:\/\/globalnewsmexico.com\/sitio\/amlo-califica-de-propaganda-declaraciones-de-ezln-sobre-tren-maya\/\">Leer m\u00e1s<\/a><\/p>\n","protected":false},"author":5,"featured_media":41620,"comment_status":"closed","ping_status":"open","sticky":false,"template":"","format":"standard","meta":{"spay_email":"","footnotes":""},"categories":[37,8,40,52],"tags":[],"jetpack_featured_media_url":"https:\/\/i2.wp.com\/globalnewsmexico.com\/sitio\/wp-content\/uploads\/2020\/01\/AMLO.jpg?fit=1040%2C647&ssl=1","jetpack_sharing_enabled":true,"jetpack_shortlink":"https:\/\/wp.me\/p9yqPL-aPh","jetpack_likes_enabled":true,"_links":{"self":[{"href":"https:\/\/globalnewsmexico.com\/sitio\/wp-json\/wp\/v2\/posts\/41619"}],"collection":[{"href":"https:\/\/globalnewsmexico.com\/sitio\/wp-json\/wp\/v2\/posts"}],"about":[{"href":"https:\/\/globalnewsmexico.com\/sitio\/wp-json\/wp\/v2\/types\/post"}],"author":[{"embeddable":true,"href":"https:\/\/globalnewsmexico.com\/sitio\/wp-json\/wp\/v2\/users\/5"}],"replies":[{"embeddable":true,"href":"https:\/\/globalnewsmexico.com\/sitio\/wp-json\/wp\/v2\/comments?post=41619"}],"version-history":[{"count":0,"href":"https:\/\/globalnewsmexico.com\/sitio\/wp-json\/wp\/v2\/posts\/41619\/revisions"}],"wp:featuredmedia":[{"embeddable":true,"href":"https:\/\/globalnewsmexico.com\/sitio\/wp-json\/wp\/v2\/media\/41620"}],"wp:attachment":[{"href":"https:\/\/globalnewsmexico.com\/sitio\/wp-json\/wp\/v2\/media?parent=41619"}],"wp:term":[{"taxonomy":"category","embeddable":true,"href":"https:\/\/globalnewsmexico.com\/sitio\/wp-json\/wp\/v2\/categories?post=41619"},{"taxonomy":"post_tag","embeddable":true,"href":"https:\/\/globalnewsmexico.com\/sitio\/wp-json\/wp\/v2\/tags?post=41619"}],"curies":[{"name":"wp","href":"https:\/\/api.w.org\/{rel}","templated":true}]}}