{"id":41629,"date":"2020-01-02T15:10:09","date_gmt":"2020-01-02T21:10:09","guid":{"rendered":"http:\/\/globalnewsmexico.com\/sitio\/?p=41629"},"modified":"2020-01-02T15:10:09","modified_gmt":"2020-01-02T21:10:09","slug":"zaldivar-garantiza-autonomia-del-poder-judicial","status":"publish","type":"post","link":"https:\/\/globalnewsmexico.com\/sitio\/zaldivar-garantiza-autonomia-del-poder-judicial\/","title":{"rendered":"Zald\u00edvar garantiza autonom\u00eda del Poder Judicial"},"content":{"rendered":"<p>Al iniciar los trabajos del primer periodo de sesiones de 2020, la Suprema Corte de Justicia de la Naci\u00f3n (SCJN) ratific\u00f3 que su independencia y autonom\u00eda est\u00e1n garantizadas.<\/p>\n<p>En sesi\u00f3n solemne de apertura, su presidente Arturo Zald\u00edvar asegur\u00f3 que, a lo largo del a\u00f1o, habr\u00e1n de resolverse asuntos de la mayor relevancia para la vida de las personas y para la democracia del pa\u00eds, lo que se har\u00e1 con independencia y responsabilidad.<\/p>\n<p>Entre los temas que ser\u00e1n discutidos enumer\u00f3 la objeci\u00f3n de conciencia, la &#8216;Ley Bonilla&#8217;, la gestaci\u00f3n subrogada, el matrimonio de personas con discapacidad intelectual, la igualdad de g\u00e9nero y el indulto a padres y madres privadas de libertad.<\/p>\n<p>Garantiz\u00f3 que estos asuntos ser\u00e1n decididos con absoluta libertad, argumentaci\u00f3n y votos de los ministros: \u00ablo que determina la independencia de un Tribunal no es en sentido de la sentencia\u00bb.<\/p>\n<p>Zald\u00edvar advirti\u00f3 que es poco serio establecer que un Tribunal constitucional es independiente cuando falla en un sentido, y no lo es cuando falla en un sentido diverso.<\/p>\n<p>\u00abLa independencia y la legitimidad de un tribunal constitucional, est\u00e1 en los argumentos y razones que justifica la resoluci\u00f3n\u00bb, subray\u00f3.<\/p>\n<p>En su discurso, el ministro presidente sostuvo que \u00aben un Tribunal como el nuestro, que debate p\u00fablicamente, ser\u00e1n los argumentos que den los ministros para sostener su voto los que determinar\u00e1n la legitimidad de la decisi\u00f3n\u00bb.<\/p>\n<p>Fuente: Notimex<\/p>\n","protected":false},"excerpt":{"rendered":"<p>Al iniciar los trabajos del primer periodo de sesiones de 2020, la Suprema Corte de Justicia de la Naci\u00f3n (SCJN) ratific\u00f3 que su independencia y autonom\u00eda est\u00e1n garantizadas. En sesi\u00f3n solemne de apertura, su presidente Arturo Zald\u00edvar asegur\u00f3 que, a lo largo del a\u00f1o, habr\u00e1n de resolverse asuntos de la mayor relevancia para la vida<a class=\"read-more\" href=\"https:\/\/globalnewsmexico.com\/sitio\/zaldivar-garantiza-autonomia-del-poder-judicial\/\">Leer m\u00e1s<\/a><\/p>\n","protected":false},"author":5,"featured_media":41631,"comment_status":"closed","ping_status":"open","sticky":false,"template":"","format":"standard","meta":{"spay_email":"","footnotes":""},"categories":[37,8,40,52],"tags":[],"jetpack_featured_media_url":"https:\/\/i2.wp.com\/globalnewsmexico.com\/sitio\/wp-content\/uploads\/2020\/01\/2280193_1040x780.jpg?fit=1040%2C780&ssl=1","jetpack_sharing_enabled":true,"jetpack_shortlink":"https:\/\/wp.me\/p9yqPL-aPr","jetpack_likes_enabled":true,"_links":{"self":[{"href":"https:\/\/globalnewsmexico.com\/sitio\/wp-json\/wp\/v2\/posts\/41629"}],"collection":[{"href":"https:\/\/globalnewsmexico.com\/sitio\/wp-json\/wp\/v2\/posts"}],"about":[{"href":"https:\/\/globalnewsmexico.com\/sitio\/wp-json\/wp\/v2\/types\/post"}],"author":[{"embeddable":true,"href":"https:\/\/globalnewsmexico.com\/sitio\/wp-json\/wp\/v2\/users\/5"}],"replies":[{"embeddable":true,"href":"https:\/\/globalnewsmexico.com\/sitio\/wp-json\/wp\/v2\/comments?post=41629"}],"version-history":[{"count":0,"href":"https:\/\/globalnewsmexico.com\/sitio\/wp-json\/wp\/v2\/posts\/41629\/revisions"}],"wp:featuredmedia":[{"embeddable":true,"href":"https:\/\/globalnewsmexico.com\/sitio\/wp-json\/wp\/v2\/media\/41631"}],"wp:attachment":[{"href":"https:\/\/globalnewsmexico.com\/sitio\/wp-json\/wp\/v2\/media?parent=41629"}],"wp:term":[{"taxonomy":"category","embeddable":true,"href":"https:\/\/globalnewsmexico.com\/sitio\/wp-json\/wp\/v2\/categories?post=41629"},{"taxonomy":"post_tag","embeddable":true,"href":"https:\/\/globalnewsmexico.com\/sitio\/wp-json\/wp\/v2\/tags?post=41629"}],"curies":[{"name":"wp","href":"https:\/\/api.w.org\/{rel}","templated":true}]}}