{"id":41658,"date":"2020-01-03T10:47:07","date_gmt":"2020-01-03T16:47:07","guid":{"rendered":"http:\/\/globalnewsmexico.com\/sitio\/?p=41658"},"modified":"2020-01-03T10:47:07","modified_gmt":"2020-01-03T16:47:07","slug":"lopez-obrador-realizara-gira-por-veracruz-tlaxcala-hidalgo-puebla-y-edomex","status":"publish","type":"post","link":"https:\/\/globalnewsmexico.com\/sitio\/lopez-obrador-realizara-gira-por-veracruz-tlaxcala-hidalgo-puebla-y-edomex\/","title":{"rendered":"L\u00f3pez Obrador realizar\u00e1 gira por Veracruz, Tlaxcala, Hidalgo, Puebla y Edomex"},"content":{"rendered":"<p>Este viernes, el presidente Andr\u00e9s Manuel L\u00f3pez Obrador confirm\u00f3 que realizar\u00e1 una gira de trabajo por Tlaxcala, Hidalgo, Puebla, Veracruz y el Estado de M\u00e9xico, donde recorrer\u00e1 principalmente las zonas ind\u00edgenas. <\/p>\n<p>En su conferencia de prensa matutina, el mandatario detall\u00f3 que en Tlaxcala estar\u00e1 en San Pablo del Monte; en Tenango de Doria, en Hidalgo; en Pahuatl\u00e1n, Puebla; en Huayacocotla, Veracruz; y Texcoco, Estado de M\u00e9xico.<\/p>\n<p>Se\u00f1al\u00f3 que se trata de un recorrido que har\u00e1 el fin de semana, como parte de las visitas que realiza por las zonas m\u00e1s pobres y marginadas del pa\u00eds.<\/p>\n<p>\u00abEstamos recorriendo las zonas ind\u00edgenas, ya llevamos como dos meses en estas giras, y vamos a continuar hasta terminar de visitar las regiones en donde est\u00e1n todas las culturas de nuestro pa\u00eds\u00bb, dijo.<\/p>\n<p>Fuente: Xeu Noticias<\/p>\n","protected":false},"excerpt":{"rendered":"<p>Este viernes, el presidente Andr\u00e9s Manuel L\u00f3pez Obrador confirm\u00f3 que realizar\u00e1 una gira de trabajo por Tlaxcala, Hidalgo, Puebla, Veracruz y el Estado de M\u00e9xico, donde recorrer\u00e1 principalmente las zonas ind\u00edgenas. En su conferencia de prensa matutina, el mandatario detall\u00f3 que en Tlaxcala estar\u00e1 en San Pablo del Monte; en Tenango de Doria, en Hidalgo;<a class=\"read-more\" href=\"https:\/\/globalnewsmexico.com\/sitio\/lopez-obrador-realizara-gira-por-veracruz-tlaxcala-hidalgo-puebla-y-edomex\/\">Leer m\u00e1s<\/a><\/p>\n","protected":false},"author":5,"featured_media":41659,"comment_status":"closed","ping_status":"open","sticky":false,"template":"","format":"standard","meta":{"spay_email":"","footnotes":""},"categories":[37,8,40,52],"tags":[],"jetpack_featured_media_url":"https:\/\/i0.wp.com\/globalnewsmexico.com\/sitio\/wp-content\/uploads\/2020\/01\/1076770.jpg?fit=1040%2C693&ssl=1","jetpack_sharing_enabled":true,"jetpack_shortlink":"https:\/\/wp.me\/p9yqPL-aPU","jetpack_likes_enabled":true,"_links":{"self":[{"href":"https:\/\/globalnewsmexico.com\/sitio\/wp-json\/wp\/v2\/posts\/41658"}],"collection":[{"href":"https:\/\/globalnewsmexico.com\/sitio\/wp-json\/wp\/v2\/posts"}],"about":[{"href":"https:\/\/globalnewsmexico.com\/sitio\/wp-json\/wp\/v2\/types\/post"}],"author":[{"embeddable":true,"href":"https:\/\/globalnewsmexico.com\/sitio\/wp-json\/wp\/v2\/users\/5"}],"replies":[{"embeddable":true,"href":"https:\/\/globalnewsmexico.com\/sitio\/wp-json\/wp\/v2\/comments?post=41658"}],"version-history":[{"count":0,"href":"https:\/\/globalnewsmexico.com\/sitio\/wp-json\/wp\/v2\/posts\/41658\/revisions"}],"wp:featuredmedia":[{"embeddable":true,"href":"https:\/\/globalnewsmexico.com\/sitio\/wp-json\/wp\/v2\/media\/41659"}],"wp:attachment":[{"href":"https:\/\/globalnewsmexico.com\/sitio\/wp-json\/wp\/v2\/media?parent=41658"}],"wp:term":[{"taxonomy":"category","embeddable":true,"href":"https:\/\/globalnewsmexico.com\/sitio\/wp-json\/wp\/v2\/categories?post=41658"},{"taxonomy":"post_tag","embeddable":true,"href":"https:\/\/globalnewsmexico.com\/sitio\/wp-json\/wp\/v2\/tags?post=41658"}],"curies":[{"name":"wp","href":"https:\/\/api.w.org\/{rel}","templated":true}]}}