{"id":41679,"date":"2020-01-03T12:16:14","date_gmt":"2020-01-03T18:16:14","guid":{"rendered":"http:\/\/globalnewsmexico.com\/sitio\/?p=41679"},"modified":"2020-01-03T12:16:14","modified_gmt":"2020-01-03T18:16:14","slug":"se-incendia-tractocamion-en-carretera-la-tinaja-cosoleacaque","status":"publish","type":"post","link":"https:\/\/globalnewsmexico.com\/sitio\/se-incendia-tractocamion-en-carretera-la-tinaja-cosoleacaque\/","title":{"rendered":"Se incendia tractocami\u00f3n en carretera La Tinaja-Cosoleacaque"},"content":{"rendered":"<p>Esta ma\u00f1ana se registr\u00f3 el incendio de un tractocami\u00f3n que transportaba aceite automotriz, sobre la carretera federal La Tinaja-Cosoleacaque; no hubo lesionados.<\/p>\n<p>Los reportes indican que la unidad de carga se desplazaba con direcci\u00f3n a la caseta de cobro de Acayucan, cuando a la altura del kil\u00f3metro 132+800, present\u00f3 una aparente falla mec\u00e1nica que provoc\u00f3 el incendio de la unidad. La sustancia que transportaba hizo que en minutos el veh\u00edculo ardiera.<\/p>\n<p>El conductor logr\u00f3 abandonar la unidad y pedir ayuda; sin embargo, las llamas lograron consumir el tractocami\u00f3n, el cual qued\u00f3 pr\u00e1cticamente inservible.<\/p>\n<p>Fuente: Diario de Xalapa<\/p>\n","protected":false},"excerpt":{"rendered":"<p>Esta ma\u00f1ana se registr\u00f3 el incendio de un tractocami\u00f3n que transportaba aceite automotriz, sobre la carretera federal La Tinaja-Cosoleacaque; no hubo lesionados. Los reportes indican que la unidad de carga se desplazaba con direcci\u00f3n a la caseta de cobro de Acayucan, cuando a la altura del kil\u00f3metro 132+800, present\u00f3 una aparente falla mec\u00e1nica que provoc\u00f3<a class=\"read-more\" href=\"https:\/\/globalnewsmexico.com\/sitio\/se-incendia-tractocamion-en-carretera-la-tinaja-cosoleacaque\/\">Leer m\u00e1s<\/a><\/p>\n","protected":false},"author":5,"featured_media":41680,"comment_status":"closed","ping_status":"open","sticky":false,"template":"","format":"standard","meta":{"spay_email":"","footnotes":""},"categories":[37,8,50,52],"tags":[],"jetpack_featured_media_url":"https:\/\/i1.wp.com\/globalnewsmexico.com\/sitio\/wp-content\/uploads\/2020\/01\/incendio.jpg?fit=1040%2C648&ssl=1","jetpack_sharing_enabled":true,"jetpack_shortlink":"https:\/\/wp.me\/p9yqPL-aQf","jetpack_likes_enabled":true,"_links":{"self":[{"href":"https:\/\/globalnewsmexico.com\/sitio\/wp-json\/wp\/v2\/posts\/41679"}],"collection":[{"href":"https:\/\/globalnewsmexico.com\/sitio\/wp-json\/wp\/v2\/posts"}],"about":[{"href":"https:\/\/globalnewsmexico.com\/sitio\/wp-json\/wp\/v2\/types\/post"}],"author":[{"embeddable":true,"href":"https:\/\/globalnewsmexico.com\/sitio\/wp-json\/wp\/v2\/users\/5"}],"replies":[{"embeddable":true,"href":"https:\/\/globalnewsmexico.com\/sitio\/wp-json\/wp\/v2\/comments?post=41679"}],"version-history":[{"count":0,"href":"https:\/\/globalnewsmexico.com\/sitio\/wp-json\/wp\/v2\/posts\/41679\/revisions"}],"wp:featuredmedia":[{"embeddable":true,"href":"https:\/\/globalnewsmexico.com\/sitio\/wp-json\/wp\/v2\/media\/41680"}],"wp:attachment":[{"href":"https:\/\/globalnewsmexico.com\/sitio\/wp-json\/wp\/v2\/media?parent=41679"}],"wp:term":[{"taxonomy":"category","embeddable":true,"href":"https:\/\/globalnewsmexico.com\/sitio\/wp-json\/wp\/v2\/categories?post=41679"},{"taxonomy":"post_tag","embeddable":true,"href":"https:\/\/globalnewsmexico.com\/sitio\/wp-json\/wp\/v2\/tags?post=41679"}],"curies":[{"name":"wp","href":"https:\/\/api.w.org\/{rel}","templated":true}]}}