{"id":41700,"date":"2020-01-03T14:40:15","date_gmt":"2020-01-03T20:40:15","guid":{"rendered":"http:\/\/globalnewsmexico.com\/sitio\/?p=41700"},"modified":"2020-01-03T14:40:15","modified_gmt":"2020-01-03T20:40:15","slug":"nueva-york-refuerza-vigilancia-ante-cualquier-represalia-de-iran","status":"publish","type":"post","link":"https:\/\/globalnewsmexico.com\/sitio\/nueva-york-refuerza-vigilancia-ante-cualquier-represalia-de-iran\/","title":{"rendered":"Nueva York refuerza vigilancia ante cualquier represalia de Ir\u00e1n"},"content":{"rendered":"<p>El alcalde de Nueva York, Bill de Blasio, asegur\u00f3 que se ha coordinado con los mandos de la Polic\u00eda de Nueva York para \u00abestar vigilantes\u00bb y proteger localizaciones clave de la ciudad, \u00abante cualquier intento de Ir\u00e1n y sus aliados terroristas de tomar represalias contra Estados Unidos\u00bb.<\/p>\n<p>En reacci\u00f3n al ataque perpetrado por Washington y que acab\u00f3 con la vida de Qasem Soleimani, general de la Fuerza Quds de los Guardianes de la Revoluci\u00f3n de Ir\u00e1n, el edil neoyorquino augur\u00f3 que \u00abdurante un largo periodo de tiempo\u00bb deber\u00e1n permanecer atentos ante esta \u00abamenaza\u00bb.<\/p>\n<p>De Blasio a\u00f1adi\u00f3 a trav\u00e9s de su cuenta en Twitter que est\u00e1 preocupado por su ciudad y por el pa\u00eds, y apunt\u00f3 que el ataque de Estados Unidos a Ir\u00e1n se ha producido sin el visto bueno de la C\u00e1mara de Representantes, donde hay mayor\u00eda dem\u00f3crata.<\/p>\n<p>\u00abSin la aprobaci\u00f3n del Congreso, el Gobierno de Estados Unidos le ha declarado la guerra a Ir\u00e1n esta noche. El pueblo estadounidense no ha tenido voz en el asunto\u00bb, insisti\u00f3 de Blasio, quien agreg\u00f3 que \u00abesto no terminar\u00e1 pronto\u00bb.<\/p>\n<p>Asimismo, el comisario de la Polic\u00eda de Nueva York, Dermot Shea, indic\u00f3 en Twitter que permanecen monitoreando \u00abde cerca\u00bb los eventos en Ir\u00e1n y la regi\u00f3n, aunque matiz\u00f3 que de momento no existe ninguna amenaza \u00abespec\u00edfica o cre\u00edble\u00bb contra Nueva York.<\/p>\n<p>Sin embargo, Shea indic\u00f3 que han desarrollado recursos adicionales en localizaciones clave.<\/p>\n<p>Fuente: Agencias<\/p>\n","protected":false},"excerpt":{"rendered":"<p>El alcalde de Nueva York, Bill de Blasio, asegur\u00f3 que se ha coordinado con los mandos de la Polic\u00eda de Nueva York para \u00abestar vigilantes\u00bb y proteger localizaciones clave de la ciudad, \u00abante cualquier intento de Ir\u00e1n y sus aliados terroristas de tomar represalias contra Estados Unidos\u00bb. En reacci\u00f3n al ataque perpetrado por Washington y<a class=\"read-more\" href=\"https:\/\/globalnewsmexico.com\/sitio\/nueva-york-refuerza-vigilancia-ante-cualquier-represalia-de-iran\/\">Leer m\u00e1s<\/a><\/p>\n","protected":false},"author":5,"featured_media":41701,"comment_status":"closed","ping_status":"open","sticky":false,"template":"","format":"standard","meta":{"spay_email":"","footnotes":""},"categories":[37,8,48,52],"tags":[],"jetpack_featured_media_url":"https:\/\/i1.wp.com\/globalnewsmexico.com\/sitio\/wp-content\/uploads\/2020\/01\/policia-vigilando-zonas-claves-ciudad_0_45_958_596.jpg?fit=1040%2C647&ssl=1","jetpack_sharing_enabled":true,"jetpack_shortlink":"https:\/\/wp.me\/p9yqPL-aQA","jetpack_likes_enabled":true,"_links":{"self":[{"href":"https:\/\/globalnewsmexico.com\/sitio\/wp-json\/wp\/v2\/posts\/41700"}],"collection":[{"href":"https:\/\/globalnewsmexico.com\/sitio\/wp-json\/wp\/v2\/posts"}],"about":[{"href":"https:\/\/globalnewsmexico.com\/sitio\/wp-json\/wp\/v2\/types\/post"}],"author":[{"embeddable":true,"href":"https:\/\/globalnewsmexico.com\/sitio\/wp-json\/wp\/v2\/users\/5"}],"replies":[{"embeddable":true,"href":"https:\/\/globalnewsmexico.com\/sitio\/wp-json\/wp\/v2\/comments?post=41700"}],"version-history":[{"count":0,"href":"https:\/\/globalnewsmexico.com\/sitio\/wp-json\/wp\/v2\/posts\/41700\/revisions"}],"wp:featuredmedia":[{"embeddable":true,"href":"https:\/\/globalnewsmexico.com\/sitio\/wp-json\/wp\/v2\/media\/41701"}],"wp:attachment":[{"href":"https:\/\/globalnewsmexico.com\/sitio\/wp-json\/wp\/v2\/media?parent=41700"}],"wp:term":[{"taxonomy":"category","embeddable":true,"href":"https:\/\/globalnewsmexico.com\/sitio\/wp-json\/wp\/v2\/categories?post=41700"},{"taxonomy":"post_tag","embeddable":true,"href":"https:\/\/globalnewsmexico.com\/sitio\/wp-json\/wp\/v2\/tags?post=41700"}],"curies":[{"name":"wp","href":"https:\/\/api.w.org\/{rel}","templated":true}]}}