{"id":41711,"date":"2020-01-04T09:52:30","date_gmt":"2020-01-04T15:52:30","guid":{"rendered":"http:\/\/globalnewsmexico.com\/sitio\/?p=41711"},"modified":"2020-01-04T09:52:30","modified_gmt":"2020-01-04T15:52:30","slug":"ahora-denuncian-a-exembajador-de-mexico-por-acoso-sexual","status":"publish","type":"post","link":"https:\/\/globalnewsmexico.com\/sitio\/ahora-denuncian-a-exembajador-de-mexico-por-acoso-sexual\/","title":{"rendered":"Ahora denuncian a exembajador de M\u00e9xico por acoso sexual"},"content":{"rendered":"<p>El exembajador de M\u00e9xico en Argentina, \u00d3scar Ricardo Valero Recio Becerra, quien fue acusado de robar un libro en aquel pa\u00eds, ahora fue denunciado por una menor de edad por acoso sexual.<\/p>\n<p>Valero tiene una orden de restricci\u00f3n, emitida el 10 de diciembre y pedida por la jueza de familia Vilma Nora D\u00edaz.<\/p>\n<p>El diario argentino La Naci\u00f3n, quien cit\u00f3 al canal TN, indic\u00f3 que Valero Recio Becerra tiene una denuncia iniciada por una serie de acosos y violencia.<\/p>\n<p>Para evitar que el exrepresentante mexicano en Argentina se volviera a acercar a la mejor, se estableci\u00f3 esta orden de restricci\u00f3n, que le impide acercarse a la denunciante y tener contacto con ella.<\/p>\n<p>Cuando \u00d3scar Ricardo Valero Recio Becerra renunci\u00f3 a la Embajada de M\u00e9xico despu\u00e9s del esc\u00e1ndalo, se dio a conocer que se encontraba en medio de un tratamiento neurol\u00f3gico.<\/p>\n<p>Una evaluaci\u00f3n de la m\u00e9dico Ana Luisa Sosa Ortiz se\u00f1ala que el paciente \u00abdesarroll\u00f3 un s\u00edndrome frontal caracterizado por alteraci\u00f3n de conductas, ocasionado por un tumor cerebral, por lo cual fue operado\u00bb.<\/p>\n<p>A consecuencia de ello, podr\u00eda no tener frenos inhibitorios y actuar de manera impulsiva. La especialista explic\u00f3: \u00abLa evoluci\u00f3n del s\u00edndrome frontal se\u00f1alado se expresa en impulsividad involuntaria y deterioro del juicio, lo que puede ocasionar alteraciones de la conducta\u00bb.<\/p>\n<p>Fuente: La Naci\u00f3n<\/p>\n","protected":false},"excerpt":{"rendered":"<p>El exembajador de M\u00e9xico en Argentina, \u00d3scar Ricardo Valero Recio Becerra, quien fue acusado de robar un libro en aquel pa\u00eds, ahora fue denunciado por una menor de edad por acoso sexual. Valero tiene una orden de restricci\u00f3n, emitida el 10 de diciembre y pedida por la jueza de familia Vilma Nora D\u00edaz. El diario<a class=\"read-more\" href=\"https:\/\/globalnewsmexico.com\/sitio\/ahora-denuncian-a-exembajador-de-mexico-por-acoso-sexual\/\">Leer m\u00e1s<\/a><\/p>\n","protected":false},"author":5,"featured_media":41712,"comment_status":"closed","ping_status":"open","sticky":false,"template":"","format":"standard","meta":{"spay_email":"","footnotes":""},"categories":[37,8,39,52],"tags":[],"jetpack_featured_media_url":"https:\/\/i0.wp.com\/globalnewsmexico.com\/sitio\/wp-content\/uploads\/2020\/01\/1076938.jpg?fit=1040%2C682&ssl=1","jetpack_sharing_enabled":true,"jetpack_shortlink":"https:\/\/wp.me\/p9yqPL-aQL","jetpack_likes_enabled":true,"_links":{"self":[{"href":"https:\/\/globalnewsmexico.com\/sitio\/wp-json\/wp\/v2\/posts\/41711"}],"collection":[{"href":"https:\/\/globalnewsmexico.com\/sitio\/wp-json\/wp\/v2\/posts"}],"about":[{"href":"https:\/\/globalnewsmexico.com\/sitio\/wp-json\/wp\/v2\/types\/post"}],"author":[{"embeddable":true,"href":"https:\/\/globalnewsmexico.com\/sitio\/wp-json\/wp\/v2\/users\/5"}],"replies":[{"embeddable":true,"href":"https:\/\/globalnewsmexico.com\/sitio\/wp-json\/wp\/v2\/comments?post=41711"}],"version-history":[{"count":0,"href":"https:\/\/globalnewsmexico.com\/sitio\/wp-json\/wp\/v2\/posts\/41711\/revisions"}],"wp:featuredmedia":[{"embeddable":true,"href":"https:\/\/globalnewsmexico.com\/sitio\/wp-json\/wp\/v2\/media\/41712"}],"wp:attachment":[{"href":"https:\/\/globalnewsmexico.com\/sitio\/wp-json\/wp\/v2\/media?parent=41711"}],"wp:term":[{"taxonomy":"category","embeddable":true,"href":"https:\/\/globalnewsmexico.com\/sitio\/wp-json\/wp\/v2\/categories?post=41711"},{"taxonomy":"post_tag","embeddable":true,"href":"https:\/\/globalnewsmexico.com\/sitio\/wp-json\/wp\/v2\/tags?post=41711"}],"curies":[{"name":"wp","href":"https:\/\/api.w.org\/{rel}","templated":true}]}}