{"id":41773,"date":"2020-01-06T11:10:35","date_gmt":"2020-01-06T17:10:35","guid":{"rendered":"http:\/\/globalnewsmexico.com\/sitio\/?p=41773"},"modified":"2020-01-06T11:10:35","modified_gmt":"2020-01-06T17:10:35","slug":"medina-mora-tendra-pension-vitalicia-gasto-medico-y-escoltas","status":"publish","type":"post","link":"https:\/\/globalnewsmexico.com\/sitio\/medina-mora-tendra-pension-vitalicia-gasto-medico-y-escoltas\/","title":{"rendered":"Medina Mora tendr\u00e1 pensi\u00f3n vitalicia, gasto m\u00e9dico y escoltas"},"content":{"rendered":"<p>Eduardo Medina Mora tendr\u00e1 un buen retiro: recibir\u00e1 poco m\u00e1s de un mill\u00f3n de pesos de pensi\u00f3n en cada uno de los dos primeros a\u00f1os luego de su renuncia, y a partir del tercero el monto ser\u00e1 de 862 mil pesos por haber sido ministro de la Suprema Corte de Justicia de la Naci\u00f3n (SCJN) menos de cinco a\u00f1os.<\/p>\n<p>Pero este monto, correspondiente solo al rubro de remuneraciones, no es el \u00fanico beneficio que gozar\u00e1 por haber formado parte del m\u00e1ximo tribunal del pa\u00eds.<\/p>\n<p>Entre m\u00e1s de una decena de prestaciones, el exministro contar\u00e1 con seguro de gastos m\u00e9dicos mayores, veh\u00edculos blindados para su transporte personal, servicio de escoltas, y hasta apoyo para comprar anteojos, de acuerdo con el Manual de Remuneraciones del Poder Judicial de la Federaci\u00f3n.<\/p>\n<p>A trav\u00e9s de una solicitud de informaci\u00f3n v\u00eda transparencia, la SCJN confirm\u00f3 a Milenio que Medina Mora, de 62 a\u00f1os, recibir\u00e1 un porcentaje de su pensi\u00f3n vitalicia luego de que, en un hecho in\u00e9dito, renunci\u00f3 a su cargo en octubre de 2019, en medio de una investigaci\u00f3n por trasferencias millonarias \u201csospechosas\u201d realizadas a Reino Unido.<\/p>\n<p>Debido a que no exist\u00eda precedente de renuncia de un ministro desde la reforma al Poder Judicial de la Federaci\u00f3n en 1994 y su acceso al haber de retiro, el Pleno de la Corte tuvo que hacer una interpretaci\u00f3n a la norma para definir qu\u00e9 proced\u00eda en el caso.<\/p>\n<p>La solicitud cita el cap\u00edtulo VIII del art\u00edculo 183 de la Ley Org\u00e1nica del PJF, para explicar c\u00f3mo Medina Mora recibir\u00e1 su pensi\u00f3n:<\/p>\n<p>\u00abAl retirarse del cargo, los ministros tendr\u00e1n derecho a un haber de retiro de car\u00e1cter vitalicio, el cual ser\u00e1 equivalente al cien por ciento durante los dos primeros a\u00f1os y al 80 por ciento durante el resto del tiempo del ingreso mensual que corresponda a los ministros en activo\u201d, precisa.<\/p>\n<p>\u00abEl entonces ministro cuya informaci\u00f3n se solicita fue designado por el Senado de la Rep\u00fablica el 10 de marzo de 2015. Acumul\u00f3 una antig\u00fcedad en el puesto de 4 a\u00f1os, 6 meses y 29 d\u00edas al 8 de octubre de 2019, lo que representa un 30.54 por ciento del tiempo constitucional de 15 a\u00f1os\u00bb, se indica.<\/p>\n<p>Respecto a las remuneraciones y dem\u00e1s prestaciones, el documento remite al manual de remuneraciones de servidores p\u00fablicos del Poder Judicial de la Federaci\u00f3n, en el que se detalla que el sueldo mensual de un ministro es de 204 mil 683 mil pesos.<\/p>\n<p>Por lo que, proporcionalmente, cada mes Medina Mora percibe m\u00e1s de 62 mil 510 pesos, es decir, que en cada uno de los primeros dos a\u00f1os que la ley contempla entregar el ciento por ciento del sueldo, cobrar\u00e1 m\u00e1s de 750 mil pesos.<\/p>\n<p>El resto del tiempo, en el que la ley contempla entregar 80 por ciento del sueldo, Medina Mora recibir\u00eda m\u00e1s de 600 mil pesos anuales.<\/p>\n<p>Adem\u00e1s del salario, por concepto de remuneraciones, tambi\u00e9n se contempla el aguinaldo y prima vacacional, por los cuales cobrar\u00e1 444 mil 401 pesos y que proporcionalmente por los cuatro a\u00f1os, seis meses y 29 d\u00edas que fue ministro, el monto ascender\u00e1 a 135 mil 720 pesos.<\/p>\n<p>Tambi\u00e9n en ese concepto se incluye el pago por riesgo, cuyo monto es de 415 mil 946 pesos y que proporcionalmente equivale a 127 mil 029.90 pesos.<\/p>\n<p>Este acuerdo data de 2003 a propuesta del entonces presidente de la Corte, Mariano Azuela G\u00fcitr\u00f3n, y qued\u00f3 establecido en el Acuerdo General de Pleno 11\/2003, aprobado el 10 de julio de ese a\u00f1o.<\/p>\n<p>Medina Mora es investigado por la Unidad de Inteligencia Financiera, debido a informaci\u00f3n proporcionada por el Departamento del Tesoro de Estados Unidos, en la que presuntamente exministro recibi\u00f3 en sus cuentas 2 millones 130 mil d\u00f3lares y transfiri\u00f3 2 millones 526 libras esterlinas a cuentas del Reino Unido.<\/p>\n<p>Fuente: Milenio<\/p>\n","protected":false},"excerpt":{"rendered":"<p>Eduardo Medina Mora tendr\u00e1 un buen retiro: recibir\u00e1 poco m\u00e1s de un mill\u00f3n de pesos de pensi\u00f3n en cada uno de los dos primeros a\u00f1os luego de su renuncia, y a partir del tercero el monto ser\u00e1 de 862 mil pesos por haber sido ministro de la Suprema Corte de Justicia de la Naci\u00f3n (SCJN)<a class=\"read-more\" href=\"https:\/\/globalnewsmexico.com\/sitio\/medina-mora-tendra-pension-vitalicia-gasto-medico-y-escoltas\/\">Leer m\u00e1s<\/a><\/p>\n","protected":false},"author":5,"featured_media":41774,"comment_status":"closed","ping_status":"open","sticky":false,"template":"","format":"standard","meta":{"spay_email":"","footnotes":""},"categories":[37,8,39,52],"tags":[],"jetpack_featured_media_url":"https:\/\/i0.wp.com\/globalnewsmexico.com\/sitio\/wp-content\/uploads\/2020\/01\/eduardo-medina-mora-ministro-corte_0_22_958_596.jpg?fit=1040%2C647&ssl=1","jetpack_sharing_enabled":true,"jetpack_shortlink":"https:\/\/wp.me\/p9yqPL-aRL","jetpack_likes_enabled":true,"_links":{"self":[{"href":"https:\/\/globalnewsmexico.com\/sitio\/wp-json\/wp\/v2\/posts\/41773"}],"collection":[{"href":"https:\/\/globalnewsmexico.com\/sitio\/wp-json\/wp\/v2\/posts"}],"about":[{"href":"https:\/\/globalnewsmexico.com\/sitio\/wp-json\/wp\/v2\/types\/post"}],"author":[{"embeddable":true,"href":"https:\/\/globalnewsmexico.com\/sitio\/wp-json\/wp\/v2\/users\/5"}],"replies":[{"embeddable":true,"href":"https:\/\/globalnewsmexico.com\/sitio\/wp-json\/wp\/v2\/comments?post=41773"}],"version-history":[{"count":0,"href":"https:\/\/globalnewsmexico.com\/sitio\/wp-json\/wp\/v2\/posts\/41773\/revisions"}],"wp:featuredmedia":[{"embeddable":true,"href":"https:\/\/globalnewsmexico.com\/sitio\/wp-json\/wp\/v2\/media\/41774"}],"wp:attachment":[{"href":"https:\/\/globalnewsmexico.com\/sitio\/wp-json\/wp\/v2\/media?parent=41773"}],"wp:term":[{"taxonomy":"category","embeddable":true,"href":"https:\/\/globalnewsmexico.com\/sitio\/wp-json\/wp\/v2\/categories?post=41773"},{"taxonomy":"post_tag","embeddable":true,"href":"https:\/\/globalnewsmexico.com\/sitio\/wp-json\/wp\/v2\/tags?post=41773"}],"curies":[{"name":"wp","href":"https:\/\/api.w.org\/{rel}","templated":true}]}}