{"id":41777,"date":"2020-01-06T11:28:37","date_gmt":"2020-01-06T17:28:37","guid":{"rendered":"http:\/\/globalnewsmexico.com\/sitio\/?p=41777"},"modified":"2020-01-06T11:28:37","modified_gmt":"2020-01-06T17:28:37","slug":"esta-semana-podria-aprobarse-el-t-mec-en-senado-de-eu-amlo","status":"publish","type":"post","link":"https:\/\/globalnewsmexico.com\/sitio\/esta-semana-podria-aprobarse-el-t-mec-en-senado-de-eu-amlo\/","title":{"rendered":"Esta semana podr\u00eda aprobarse el T-MEC en Senado de EU: AMLO"},"content":{"rendered":"<p>En su conferencia de prensa matutina desde Palacio Nacional, el presidente Andr\u00e9s Manuel L\u00f3pez Obrador se\u00f1al\u00f3 que es muy probable que esta semana se apruebe el Tratado entre M\u00e9xico, Estados Unidos y Canad\u00e1 (T-MEC) en el Senado estadounidense.<\/p>\n<p>El mandatario indic\u00f3 que se reunir\u00e1 esta ma\u00f1ana con Jes\u00fas Seade, subsecretario de Relaciones Exteriores, quien tiene \u201cbuenas noticias\u201d al respecto.<\/p>\n<p>Fuente: Xeu Noticias<\/p>\n","protected":false},"excerpt":{"rendered":"<p>En su conferencia de prensa matutina desde Palacio Nacional, el presidente Andr\u00e9s Manuel L\u00f3pez Obrador se\u00f1al\u00f3 que es muy probable que esta semana se apruebe el Tratado entre M\u00e9xico, Estados Unidos y Canad\u00e1 (T-MEC) en el Senado estadounidense. El mandatario indic\u00f3 que se reunir\u00e1 esta ma\u00f1ana con Jes\u00fas Seade, subsecretario de Relaciones Exteriores, quien tiene<a class=\"read-more\" href=\"https:\/\/globalnewsmexico.com\/sitio\/esta-semana-podria-aprobarse-el-t-mec-en-senado-de-eu-amlo\/\">Leer m\u00e1s<\/a><\/p>\n","protected":false},"author":5,"featured_media":41778,"comment_status":"closed","ping_status":"open","sticky":false,"template":"","format":"standard","meta":{"spay_email":"","footnotes":""},"categories":[37,8,40,52],"tags":[],"jetpack_featured_media_url":"https:\/\/i0.wp.com\/globalnewsmexico.com\/sitio\/wp-content\/uploads\/2020\/01\/1077258.jpg?fit=1040%2C693&ssl=1","jetpack_sharing_enabled":true,"jetpack_shortlink":"https:\/\/wp.me\/p9yqPL-aRP","jetpack_likes_enabled":true,"_links":{"self":[{"href":"https:\/\/globalnewsmexico.com\/sitio\/wp-json\/wp\/v2\/posts\/41777"}],"collection":[{"href":"https:\/\/globalnewsmexico.com\/sitio\/wp-json\/wp\/v2\/posts"}],"about":[{"href":"https:\/\/globalnewsmexico.com\/sitio\/wp-json\/wp\/v2\/types\/post"}],"author":[{"embeddable":true,"href":"https:\/\/globalnewsmexico.com\/sitio\/wp-json\/wp\/v2\/users\/5"}],"replies":[{"embeddable":true,"href":"https:\/\/globalnewsmexico.com\/sitio\/wp-json\/wp\/v2\/comments?post=41777"}],"version-history":[{"count":0,"href":"https:\/\/globalnewsmexico.com\/sitio\/wp-json\/wp\/v2\/posts\/41777\/revisions"}],"wp:featuredmedia":[{"embeddable":true,"href":"https:\/\/globalnewsmexico.com\/sitio\/wp-json\/wp\/v2\/media\/41778"}],"wp:attachment":[{"href":"https:\/\/globalnewsmexico.com\/sitio\/wp-json\/wp\/v2\/media?parent=41777"}],"wp:term":[{"taxonomy":"category","embeddable":true,"href":"https:\/\/globalnewsmexico.com\/sitio\/wp-json\/wp\/v2\/categories?post=41777"},{"taxonomy":"post_tag","embeddable":true,"href":"https:\/\/globalnewsmexico.com\/sitio\/wp-json\/wp\/v2\/tags?post=41777"}],"curies":[{"name":"wp","href":"https:\/\/api.w.org\/{rel}","templated":true}]}}