{"id":41784,"date":"2020-01-06T12:37:54","date_gmt":"2020-01-06T18:37:54","guid":{"rendered":"http:\/\/globalnewsmexico.com\/sitio\/?p=41784"},"modified":"2020-01-06T12:37:54","modified_gmt":"2020-01-06T18:37:54","slug":"congreso-de-veracruz-retomara-proceso-de-destitucion-del-fiscal-general","status":"publish","type":"post","link":"https:\/\/globalnewsmexico.com\/sitio\/congreso-de-veracruz-retomara-proceso-de-destitucion-del-fiscal-general\/","title":{"rendered":"Congreso de Veracruz retomar\u00e1 proceso de destituci\u00f3n del fiscal general"},"content":{"rendered":"<p>El coordinador de la fracci\u00f3n parlamentaria de Morena en el Congreso de Veracruz, Juan Javier G\u00f3mez Cazar\u00edn, anunci\u00f3 que este a\u00f1o se retomar\u00e1 el nombramiento del nuevo fiscal general del Estado. <\/p>\n<p>Se\u00f1al\u00f3 que esto se ha retrasado, pues es necesario realizar oficialmente la destituci\u00f3n de Jorge Winckler Ortiz, quien hoy se encuentra pr\u00f3fugo de la justicia.<\/p>\n<p>\u00abNecesitamos la destituci\u00f3n definitiva, es un pr\u00f3fugo de la justicia veracruzana, por el momento no podemos darle soluci\u00f3n; el que dictamina la selecci\u00f3n es el Congreso del Estado, pero necesitamos destrabar el tema porque no ha presentado su renuncia\u00bb, dijo.<\/p>\n<p>En cuanto al fiscal Anticorrupci\u00f3n, indic\u00f3 que el congreso analizar\u00e1 los posibles perfiles para ocupar el cargo, aunque asegur\u00f3 que el proceso de nombramiento ser\u00e1 en los siguientes meses.<\/p>\n<p>Fuente: Xeu Noticias<\/p>\n","protected":false},"excerpt":{"rendered":"<p>El coordinador de la fracci\u00f3n parlamentaria de Morena en el Congreso de Veracruz, Juan Javier G\u00f3mez Cazar\u00edn, anunci\u00f3 que este a\u00f1o se retomar\u00e1 el nombramiento del nuevo fiscal general del Estado. Se\u00f1al\u00f3 que esto se ha retrasado, pues es necesario realizar oficialmente la destituci\u00f3n de Jorge Winckler Ortiz, quien hoy se encuentra pr\u00f3fugo de la<a class=\"read-more\" href=\"https:\/\/globalnewsmexico.com\/sitio\/congreso-de-veracruz-retomara-proceso-de-destitucion-del-fiscal-general\/\">Leer m\u00e1s<\/a><\/p>\n","protected":false},"author":5,"featured_media":41785,"comment_status":"closed","ping_status":"open","sticky":false,"template":"","format":"standard","meta":{"spay_email":"","footnotes":""},"categories":[37,8,50,52],"tags":[],"jetpack_featured_media_url":"https:\/\/i2.wp.com\/globalnewsmexico.com\/sitio\/wp-content\/uploads\/2020\/01\/1077274.jpg?fit=1040%2C693&ssl=1","jetpack_sharing_enabled":true,"jetpack_shortlink":"https:\/\/wp.me\/p9yqPL-aRW","jetpack_likes_enabled":true,"_links":{"self":[{"href":"https:\/\/globalnewsmexico.com\/sitio\/wp-json\/wp\/v2\/posts\/41784"}],"collection":[{"href":"https:\/\/globalnewsmexico.com\/sitio\/wp-json\/wp\/v2\/posts"}],"about":[{"href":"https:\/\/globalnewsmexico.com\/sitio\/wp-json\/wp\/v2\/types\/post"}],"author":[{"embeddable":true,"href":"https:\/\/globalnewsmexico.com\/sitio\/wp-json\/wp\/v2\/users\/5"}],"replies":[{"embeddable":true,"href":"https:\/\/globalnewsmexico.com\/sitio\/wp-json\/wp\/v2\/comments?post=41784"}],"version-history":[{"count":0,"href":"https:\/\/globalnewsmexico.com\/sitio\/wp-json\/wp\/v2\/posts\/41784\/revisions"}],"wp:featuredmedia":[{"embeddable":true,"href":"https:\/\/globalnewsmexico.com\/sitio\/wp-json\/wp\/v2\/media\/41785"}],"wp:attachment":[{"href":"https:\/\/globalnewsmexico.com\/sitio\/wp-json\/wp\/v2\/media?parent=41784"}],"wp:term":[{"taxonomy":"category","embeddable":true,"href":"https:\/\/globalnewsmexico.com\/sitio\/wp-json\/wp\/v2\/categories?post=41784"},{"taxonomy":"post_tag","embeddable":true,"href":"https:\/\/globalnewsmexico.com\/sitio\/wp-json\/wp\/v2\/tags?post=41784"}],"curies":[{"name":"wp","href":"https:\/\/api.w.org\/{rel}","templated":true}]}}