{"id":41927,"date":"2020-01-08T15:22:48","date_gmt":"2020-01-08T21:22:48","guid":{"rendered":"http:\/\/globalnewsmexico.com\/sitio\/?p=41927"},"modified":"2020-01-08T15:22:48","modified_gmt":"2020-01-08T21:22:48","slug":"reanudaran-busqueda-de-desaparecidos-en-dunas-de-coatzacoalcos-veracruz","status":"publish","type":"post","link":"https:\/\/globalnewsmexico.com\/sitio\/reanudaran-busqueda-de-desaparecidos-en-dunas-de-coatzacoalcos-veracruz\/","title":{"rendered":"Reanudar\u00e1n b\u00fasqueda de desaparecidos en dunas de Coatzacoalcos, Veracruz"},"content":{"rendered":"<p>Bel\u00e9n Gonz\u00e1lez Medrano, integrante del Colectivo de Madres en B\u00fasqueda Coatzacoalcos, inform\u00f3 que la pr\u00f3xima semana se reanudar\u00e1 la b\u00fasqueda de personas desaparecidas en las dunas del malec\u00f3n de dicha ciudad.<\/p>\n<p>En entrevista, la mujer activista explic\u00f3 que durante el a\u00f1o pasado \u00fanicamente se realizaron diligencias en la mitad de la superficie prevista.<\/p>\n<p>\u201cVamos a continuar con el \u00e1rea de la playa, nos falt\u00f3 una parte extensa y esa ser\u00e1 con la que iniciemos en este mes, y en febrero vamos a otro predio cerca de Coatza. Las programan por cuatro d\u00edas, porque todos los viernes la Comisi\u00f3n de B\u00fasqueda est\u00e1 en un curso, entonces nada m\u00e1s trabajan de lunes a jueves, nos quedamos a la mitad de lo que empezamos el mes pasado y es un \u00e1rea extensa que abarca la playa\u201d, expres\u00f3.<\/p>\n<p>Fuente: Xeu Noticias<\/p>\n","protected":false},"excerpt":{"rendered":"<p>Bel\u00e9n Gonz\u00e1lez Medrano, integrante del Colectivo de Madres en B\u00fasqueda Coatzacoalcos, inform\u00f3 que la pr\u00f3xima semana se reanudar\u00e1 la b\u00fasqueda de personas desaparecidas en las dunas del malec\u00f3n de dicha ciudad. En entrevista, la mujer activista explic\u00f3 que durante el a\u00f1o pasado \u00fanicamente se realizaron diligencias en la mitad de la superficie prevista. \u201cVamos a<a class=\"read-more\" href=\"https:\/\/globalnewsmexico.com\/sitio\/reanudaran-busqueda-de-desaparecidos-en-dunas-de-coatzacoalcos-veracruz\/\">Leer m\u00e1s<\/a><\/p>\n","protected":false},"author":5,"featured_media":41928,"comment_status":"closed","ping_status":"open","sticky":false,"template":"","format":"standard","meta":{"spay_email":"","footnotes":""},"categories":[37,8,50,52],"tags":[],"jetpack_featured_media_url":"https:\/\/i1.wp.com\/globalnewsmexico.com\/sitio\/wp-content\/uploads\/2020\/01\/1077727.jpg?fit=1040%2C693&ssl=1","jetpack_sharing_enabled":true,"jetpack_shortlink":"https:\/\/wp.me\/p9yqPL-aUf","jetpack_likes_enabled":true,"_links":{"self":[{"href":"https:\/\/globalnewsmexico.com\/sitio\/wp-json\/wp\/v2\/posts\/41927"}],"collection":[{"href":"https:\/\/globalnewsmexico.com\/sitio\/wp-json\/wp\/v2\/posts"}],"about":[{"href":"https:\/\/globalnewsmexico.com\/sitio\/wp-json\/wp\/v2\/types\/post"}],"author":[{"embeddable":true,"href":"https:\/\/globalnewsmexico.com\/sitio\/wp-json\/wp\/v2\/users\/5"}],"replies":[{"embeddable":true,"href":"https:\/\/globalnewsmexico.com\/sitio\/wp-json\/wp\/v2\/comments?post=41927"}],"version-history":[{"count":0,"href":"https:\/\/globalnewsmexico.com\/sitio\/wp-json\/wp\/v2\/posts\/41927\/revisions"}],"wp:featuredmedia":[{"embeddable":true,"href":"https:\/\/globalnewsmexico.com\/sitio\/wp-json\/wp\/v2\/media\/41928"}],"wp:attachment":[{"href":"https:\/\/globalnewsmexico.com\/sitio\/wp-json\/wp\/v2\/media?parent=41927"}],"wp:term":[{"taxonomy":"category","embeddable":true,"href":"https:\/\/globalnewsmexico.com\/sitio\/wp-json\/wp\/v2\/categories?post=41927"},{"taxonomy":"post_tag","embeddable":true,"href":"https:\/\/globalnewsmexico.com\/sitio\/wp-json\/wp\/v2\/tags?post=41927"}],"curies":[{"name":"wp","href":"https:\/\/api.w.org\/{rel}","templated":true}]}}