{"id":41966,"date":"2020-01-09T12:42:45","date_gmt":"2020-01-09T18:42:45","guid":{"rendered":"http:\/\/globalnewsmexico.com\/sitio\/?p=41966"},"modified":"2020-01-09T12:42:45","modified_gmt":"2020-01-09T18:42:45","slug":"japon-cierra-su-embajada-en-irak-por-tensiones-entre-eu-e-iran","status":"publish","type":"post","link":"https:\/\/globalnewsmexico.com\/sitio\/japon-cierra-su-embajada-en-irak-por-tensiones-entre-eu-e-iran\/","title":{"rendered":"Jap\u00f3n cierra su Embajada en Irak por tensiones entre EU e Ir\u00e1n"},"content":{"rendered":"<p>La Canciller\u00eda de Jap\u00f3n cerr\u00f3 temporalmente su Embajada en Bagdad, capital de Irak, tras la partida de los ciudadanos japoneses que se hab\u00edan refugiado en la sede diplom\u00e1tica.<\/p>\n<p>El Ministerio de Asuntos Exteriores japon\u00e9s elev\u00f3 su nivel de alerta para todo el territorio iraqu\u00ed, e inst\u00f3 a los ciudadanos nipones a abandonar el pa\u00eds, destac\u00f3 la cadena NHK.<\/p>\n<p>El ministerio tambi\u00e9n elev\u00f3 nivel de alerta para la capital de Ir\u00e1n, Teher\u00e1n, y otras partes de ese pa\u00eds, por lo que exhort\u00f3 a la poblaci\u00f3n japonesa a no visitarlo por ninguna raz\u00f3n.<\/p>\n<p>Ir\u00e1n dispar\u00f3 22 misiles bal\u00edsticos contra las base de Al-Asad y las instalaciones de Erbil en Irak, en represalia por el asesinato del general iran\u00ed Qassem Soleimani, en un ataque estadounidense con aviones no tripulados el 3 de enero.<\/p>\n<p>Tras la ofensiva, el primer ministro de Jap\u00f3n, Shinzo Abe, solicit\u00f3 que se pusieran en marcha medidas para garantizar la seguridad de los japoneses que se encuentren en la regi\u00f3n, y dio instrucciones a funcionarios gubernamentales para que est\u00e9n preparados ante cualquier tipo de emergencia. Adem\u00e1s, se ha comprometido a realizar todos los esfuerzos diplom\u00e1ticos posibles con el fin de aplacar la crisis.<\/p>\n<p>Esto se produce a ra\u00edz del incremento de las tensiones en la regi\u00f3n, tras el ataque iran\u00ed con misiles a las fuerzas militares de Estados Unidos en Irak.<\/p>\n<p>Fuente: Agencias<\/p>\n","protected":false},"excerpt":{"rendered":"<p>La Canciller\u00eda de Jap\u00f3n cerr\u00f3 temporalmente su Embajada en Bagdad, capital de Irak, tras la partida de los ciudadanos japoneses que se hab\u00edan refugiado en la sede diplom\u00e1tica. El Ministerio de Asuntos Exteriores japon\u00e9s elev\u00f3 su nivel de alerta para todo el territorio iraqu\u00ed, e inst\u00f3 a los ciudadanos nipones a abandonar el pa\u00eds, destac\u00f3<a class=\"read-more\" href=\"https:\/\/globalnewsmexico.com\/sitio\/japon-cierra-su-embajada-en-irak-por-tensiones-entre-eu-e-iran\/\">Leer m\u00e1s<\/a><\/p>\n","protected":false},"author":5,"featured_media":41967,"comment_status":"closed","ping_status":"open","sticky":false,"template":"","format":"standard","meta":{"spay_email":"","footnotes":""},"categories":[37,8,48,52],"tags":[],"jetpack_featured_media_url":"https:\/\/i2.wp.com\/globalnewsmexico.com\/sitio\/wp-content\/uploads\/2020\/01\/2283921.jpg?fit=1040%2C780&ssl=1","jetpack_sharing_enabled":true,"jetpack_shortlink":"https:\/\/wp.me\/p9yqPL-aUS","jetpack_likes_enabled":true,"_links":{"self":[{"href":"https:\/\/globalnewsmexico.com\/sitio\/wp-json\/wp\/v2\/posts\/41966"}],"collection":[{"href":"https:\/\/globalnewsmexico.com\/sitio\/wp-json\/wp\/v2\/posts"}],"about":[{"href":"https:\/\/globalnewsmexico.com\/sitio\/wp-json\/wp\/v2\/types\/post"}],"author":[{"embeddable":true,"href":"https:\/\/globalnewsmexico.com\/sitio\/wp-json\/wp\/v2\/users\/5"}],"replies":[{"embeddable":true,"href":"https:\/\/globalnewsmexico.com\/sitio\/wp-json\/wp\/v2\/comments?post=41966"}],"version-history":[{"count":0,"href":"https:\/\/globalnewsmexico.com\/sitio\/wp-json\/wp\/v2\/posts\/41966\/revisions"}],"wp:featuredmedia":[{"embeddable":true,"href":"https:\/\/globalnewsmexico.com\/sitio\/wp-json\/wp\/v2\/media\/41967"}],"wp:attachment":[{"href":"https:\/\/globalnewsmexico.com\/sitio\/wp-json\/wp\/v2\/media?parent=41966"}],"wp:term":[{"taxonomy":"category","embeddable":true,"href":"https:\/\/globalnewsmexico.com\/sitio\/wp-json\/wp\/v2\/categories?post=41966"},{"taxonomy":"post_tag","embeddable":true,"href":"https:\/\/globalnewsmexico.com\/sitio\/wp-json\/wp\/v2\/tags?post=41966"}],"curies":[{"name":"wp","href":"https:\/\/api.w.org\/{rel}","templated":true}]}}