{"id":42022,"date":"2020-01-10T11:47:27","date_gmt":"2020-01-10T17:47:27","guid":{"rendered":"http:\/\/globalnewsmexico.com\/sitio\/?p=42022"},"modified":"2020-01-10T11:47:27","modified_gmt":"2020-01-10T17:47:27","slug":"externa-colegio-cervantes-tristeza-tras-tiroteo-en-campus-de-torreon","status":"publish","type":"post","link":"https:\/\/globalnewsmexico.com\/sitio\/externa-colegio-cervantes-tristeza-tras-tiroteo-en-campus-de-torreon\/","title":{"rendered":"Externa colegio Cervantes &#8216;tristeza&#8217; tras tiroteo en campus de Torre\u00f3n"},"content":{"rendered":"<p>A trav\u00e9s de un comunicado, el colegio Cervantes de Torre\u00f3n, Coahuila, extern\u00f3 su \u00abtristeza\u00bb por la terrible tragedia en el Campus Bosque, donde dos personas -entre ellas el agresor de 12 a\u00f1os- perdieron la vida, y seis m\u00e1s resultaron heridas.<\/p>\n<p>\u00abJam\u00e1s nos imaginamos que una situaci\u00f3n como esta pudiera suceder en nuestra sociedad\u00bb, dijo en el texto.<\/p>\n<p>La instituci\u00f3n educativa asegur\u00f3 que \u00abcomo comunidad acad\u00e9mica estamos abocados en atender a los alumnos y a sus familias\u00bb.<\/p>\n<p>En el hecho, sostiene el colegio, cinco estudiantes y un maestro resultaron heridos, falleciendo una profesora y un alumno (responsable del incidente).<\/p>\n<p>Reiter\u00f3 su consternaci\u00f3n por este lamentable hecho, y su compromiso de velar por el \u00ab\u00edntegro\u00bb restablecimiento de la salud de quienes est\u00e1n siendo atendidos.<\/p>\n<p>El Cervantes se\u00f1al\u00f3 que como su responsabilidad, continuar\u00e1n trabajando con los alumnos y maestros para inculcar los \u00abvalores \u00e9ticos, humanos y acad\u00e9micos\u00bb que les permitan formar mejores hombres y mujeres para nuestra sociedad.<\/p>\n<p>Finalmente, la instituci\u00f3n a\u00f1adi\u00f3 que espera que los acompa\u00f1en con sus oraciones, rogando por quienes lamentablemente ya fallecieron, as\u00ed como por la salud de las v\u00edctimas y de las familias afectadas.<\/p>\n<p>Fuente: El Siglo de Torre\u00f3n<\/p>\n","protected":false},"excerpt":{"rendered":"<p>A trav\u00e9s de un comunicado, el colegio Cervantes de Torre\u00f3n, Coahuila, extern\u00f3 su \u00abtristeza\u00bb por la terrible tragedia en el Campus Bosque, donde dos personas -entre ellas el agresor de 12 a\u00f1os- perdieron la vida, y seis m\u00e1s resultaron heridas. \u00abJam\u00e1s nos imaginamos que una situaci\u00f3n como esta pudiera suceder en nuestra sociedad\u00bb, dijo en<a class=\"read-more\" href=\"https:\/\/globalnewsmexico.com\/sitio\/externa-colegio-cervantes-tristeza-tras-tiroteo-en-campus-de-torreon\/\">Leer m\u00e1s<\/a><\/p>\n","protected":false},"author":5,"featured_media":42023,"comment_status":"closed","ping_status":"open","sticky":false,"template":"","format":"standard","meta":{"spay_email":"","footnotes":""},"categories":[37,8,49,52],"tags":[],"jetpack_featured_media_url":"https:\/\/i2.wp.com\/globalnewsmexico.com\/sitio\/wp-content\/uploads\/2020\/01\/EN78rFQWoAApkoZ.jpg?fit=719%2C1071&ssl=1","jetpack_sharing_enabled":true,"jetpack_shortlink":"https:\/\/wp.me\/p9yqPL-aVM","jetpack_likes_enabled":true,"_links":{"self":[{"href":"https:\/\/globalnewsmexico.com\/sitio\/wp-json\/wp\/v2\/posts\/42022"}],"collection":[{"href":"https:\/\/globalnewsmexico.com\/sitio\/wp-json\/wp\/v2\/posts"}],"about":[{"href":"https:\/\/globalnewsmexico.com\/sitio\/wp-json\/wp\/v2\/types\/post"}],"author":[{"embeddable":true,"href":"https:\/\/globalnewsmexico.com\/sitio\/wp-json\/wp\/v2\/users\/5"}],"replies":[{"embeddable":true,"href":"https:\/\/globalnewsmexico.com\/sitio\/wp-json\/wp\/v2\/comments?post=42022"}],"version-history":[{"count":0,"href":"https:\/\/globalnewsmexico.com\/sitio\/wp-json\/wp\/v2\/posts\/42022\/revisions"}],"wp:featuredmedia":[{"embeddable":true,"href":"https:\/\/globalnewsmexico.com\/sitio\/wp-json\/wp\/v2\/media\/42023"}],"wp:attachment":[{"href":"https:\/\/globalnewsmexico.com\/sitio\/wp-json\/wp\/v2\/media?parent=42022"}],"wp:term":[{"taxonomy":"category","embeddable":true,"href":"https:\/\/globalnewsmexico.com\/sitio\/wp-json\/wp\/v2\/categories?post=42022"},{"taxonomy":"post_tag","embeddable":true,"href":"https:\/\/globalnewsmexico.com\/sitio\/wp-json\/wp\/v2\/tags?post=42022"}],"curies":[{"name":"wp","href":"https:\/\/api.w.org\/{rel}","templated":true}]}}