{"id":42087,"date":"2020-01-11T11:15:59","date_gmt":"2020-01-11T17:15:59","guid":{"rendered":"http:\/\/globalnewsmexico.com\/sitio\/?p=42087"},"modified":"2020-01-11T11:15:59","modified_gmt":"2020-01-11T17:15:59","slug":"mueren-dos-soldados-de-eu-por-bomba-en-afganistan","status":"publish","type":"post","link":"https:\/\/globalnewsmexico.com\/sitio\/mueren-dos-soldados-de-eu-por-bomba-en-afganistan\/","title":{"rendered":"Mueren dos soldados de EU por bomba en Afganist\u00e1n"},"content":{"rendered":"<p>Dos miembros del servicio militar estadounidense murieron y dos m\u00e1s resultaron heridos, en la provincia de Kandahar, al sur de Afganist\u00e1n, cuando su veh\u00edculo golpe\u00f3 un explosivo improvisado, informaron fuentes de la coalici\u00f3n liderada por Washington en ese pa\u00eds.<\/p>\n<p>Los miembros del servicio realizaban recorridos como parte de la misi\u00f3n de Apoyo Resolutivo de la Organizaci\u00f3n del Tratado del Atl\u00e1ntico Norte (OTAN), seg\u00fan el comunicado oficial.<\/p>\n<p>Hasta el momento, los cuatro militares no han sido identificados, report\u00f3 la cadena de noticias CNN Internacional.<\/p>\n<p>Por su parte, el grupo armado talib\u00e1n se atribuy\u00f3 la responsabilidad del ataque en la provincia, trascendi\u00f3 en el semanario egipcio El Fagr y el portal informativo \u00e1rabe Gulf 365.<\/p>\n<p>Un alto funcionario militar afgano en Kandahar, declar\u00f3 al sitio de internet isl\u00e1mico al-vefagh, que la explosi\u00f3n ocurri\u00f3 en el distrito de Dand o Kandahar, cuando el dispositivo explot\u00f3 afectando un veh\u00edculo blindado perteneciente a las fuerzas estadounidenses.<\/p>\n<p>Agreg\u00f3 que las fuerzas extranjeras acordonaron el \u00e1rea y mantuvieron alejados a los elementos de seguridad afganos.<\/p>\n<p>El movimiento talib\u00e1n intensific\u00f3 en las \u00faltimas semanas sus operaciones armadas contra el Gobierno afgano y las fuerzas extranjeras presentes en el pa\u00eds, para alcanzar un acuerdo de paz que les permita participar en el pr\u00f3ximo Gobierno. <\/p>\n<p>Fuente: Notimex<\/p>\n","protected":false},"excerpt":{"rendered":"<p>Dos miembros del servicio militar estadounidense murieron y dos m\u00e1s resultaron heridos, en la provincia de Kandahar, al sur de Afganist\u00e1n, cuando su veh\u00edculo golpe\u00f3 un explosivo improvisado, informaron fuentes de la coalici\u00f3n liderada por Washington en ese pa\u00eds. Los miembros del servicio realizaban recorridos como parte de la misi\u00f3n de Apoyo Resolutivo de la<a class=\"read-more\" href=\"https:\/\/globalnewsmexico.com\/sitio\/mueren-dos-soldados-de-eu-por-bomba-en-afganistan\/\">Leer m\u00e1s<\/a><\/p>\n","protected":false},"author":5,"featured_media":42088,"comment_status":"closed","ping_status":"open","sticky":false,"template":"","format":"standard","meta":{"spay_email":"","footnotes":""},"categories":[37,8,48,52],"tags":[],"jetpack_featured_media_url":"https:\/\/i0.wp.com\/globalnewsmexico.com\/sitio\/wp-content\/uploads\/2020\/01\/1078280.jpg?fit=1040%2C693&ssl=1","jetpack_sharing_enabled":true,"jetpack_shortlink":"https:\/\/wp.me\/p9yqPL-aWP","jetpack_likes_enabled":true,"_links":{"self":[{"href":"https:\/\/globalnewsmexico.com\/sitio\/wp-json\/wp\/v2\/posts\/42087"}],"collection":[{"href":"https:\/\/globalnewsmexico.com\/sitio\/wp-json\/wp\/v2\/posts"}],"about":[{"href":"https:\/\/globalnewsmexico.com\/sitio\/wp-json\/wp\/v2\/types\/post"}],"author":[{"embeddable":true,"href":"https:\/\/globalnewsmexico.com\/sitio\/wp-json\/wp\/v2\/users\/5"}],"replies":[{"embeddable":true,"href":"https:\/\/globalnewsmexico.com\/sitio\/wp-json\/wp\/v2\/comments?post=42087"}],"version-history":[{"count":0,"href":"https:\/\/globalnewsmexico.com\/sitio\/wp-json\/wp\/v2\/posts\/42087\/revisions"}],"wp:featuredmedia":[{"embeddable":true,"href":"https:\/\/globalnewsmexico.com\/sitio\/wp-json\/wp\/v2\/media\/42088"}],"wp:attachment":[{"href":"https:\/\/globalnewsmexico.com\/sitio\/wp-json\/wp\/v2\/media?parent=42087"}],"wp:term":[{"taxonomy":"category","embeddable":true,"href":"https:\/\/globalnewsmexico.com\/sitio\/wp-json\/wp\/v2\/categories?post=42087"},{"taxonomy":"post_tag","embeddable":true,"href":"https:\/\/globalnewsmexico.com\/sitio\/wp-json\/wp\/v2\/tags?post=42087"}],"curies":[{"name":"wp","href":"https:\/\/api.w.org\/{rel}","templated":true}]}}