{"id":42123,"date":"2020-01-11T16:54:25","date_gmt":"2020-01-11T22:54:25","guid":{"rendered":"http:\/\/globalnewsmexico.com\/sitio\/?p=42123"},"modified":"2020-01-11T16:54:25","modified_gmt":"2020-01-11T22:54:25","slug":"duele-mucho-que-sean-los-jovenes-quienes-cometen-delitos-amlo","status":"publish","type":"post","link":"https:\/\/globalnewsmexico.com\/sitio\/duele-mucho-que-sean-los-jovenes-quienes-cometen-delitos-amlo\/","title":{"rendered":"Duele mucho que sean los j\u00f3venes quienes cometen delitos: AMLO"},"content":{"rendered":"<p>El presidente Andr\u00e9s Manuel L\u00f3pez Obrador dijo que \u00abduele mucho\u00bb que sean j\u00f3venes los que ahora cometen delitos en el pa\u00eds, y los que m\u00e1s est\u00e1n en la c\u00e1rcel, por lo que insisti\u00f3 en la necesidad de darles m\u00e1s atenci\u00f3n.<\/p>\n<p>Luego de que ayer un estudiante de 11 a\u00f1os dispar\u00f3 en su escuela en Torre\u00f3n, Coahuila, y despu\u00e9s se suicid\u00f3, el presidente afirm\u00f3 hoy en Nuevo Casas Grandes, Chihuahua, que urge reforzar la atenci\u00f3n a los j\u00f3venes y darles oportunidades.<\/p>\n<p>\u00abHay que poner atenci\u00f3n a los j\u00f3venes, es muy importante la adolescencia, es la edad m\u00e1s riesgosa y debemos garantizar que todos tengan educaci\u00f3n, por eso las becas. Y hay que atender a los j\u00f3venes porque duele mucho lo que est\u00e1 sucediendo, los que cometen delitos son j\u00f3venes, en las c\u00e1rceles son j\u00f3venes\u00bb, coment\u00f3. <\/p>\n<p>Insisti\u00f3 en que su gobierno est\u00e1 enfocado en dar programas que ayuden a los j\u00f3venes, y evitar que caigan en las redes de la delincuencia.<\/p>\n<p>L\u00f3pez Obrador reiter\u00f3 que sigue trabajando para establecer las bases de la transformaci\u00f3n, y lograr el cambio necesario para que haya desarrollo y bienestar.<\/p>\n<p>\u00abPor eso me ando apurando trabajando 16 horas, por si en mala hora regresan los corruptos les cueste trabajo. Me pusieron una manta de &#8216;bienvenido a la ciudad de los baches, se\u00f1or presidente&#8217;, as\u00ed que ya habl\u00e9 con el gobernador y vamos a darle una reparada, es mi compromiso\u00bb, agreg\u00f3 entre aplausos y volvi\u00f3 a pedir unidad con el Gobierno estatal.<\/p>\n<p>Fuente: Milenio<\/p>\n","protected":false},"excerpt":{"rendered":"<p>El presidente Andr\u00e9s Manuel L\u00f3pez Obrador dijo que \u00abduele mucho\u00bb que sean j\u00f3venes los que ahora cometen delitos en el pa\u00eds, y los que m\u00e1s est\u00e1n en la c\u00e1rcel, por lo que insisti\u00f3 en la necesidad de darles m\u00e1s atenci\u00f3n. Luego de que ayer un estudiante de 11 a\u00f1os dispar\u00f3 en su escuela en Torre\u00f3n,<a class=\"read-more\" href=\"https:\/\/globalnewsmexico.com\/sitio\/duele-mucho-que-sean-los-jovenes-quienes-cometen-delitos-amlo\/\">Leer m\u00e1s<\/a><\/p>\n","protected":false},"author":5,"featured_media":42124,"comment_status":"closed","ping_status":"open","sticky":false,"template":"","format":"standard","meta":{"spay_email":"","footnotes":""},"categories":[37,8,40,52],"tags":[],"jetpack_featured_media_url":"https:\/\/i1.wp.com\/globalnewsmexico.com\/sitio\/wp-content\/uploads\/2020\/01\/presidente-andres-manuel-lopez-obrador-204_13_0_932_580.jpeg?fit=1040%2C647&ssl=1","jetpack_sharing_enabled":true,"jetpack_shortlink":"https:\/\/wp.me\/p9yqPL-aXp","jetpack_likes_enabled":true,"_links":{"self":[{"href":"https:\/\/globalnewsmexico.com\/sitio\/wp-json\/wp\/v2\/posts\/42123"}],"collection":[{"href":"https:\/\/globalnewsmexico.com\/sitio\/wp-json\/wp\/v2\/posts"}],"about":[{"href":"https:\/\/globalnewsmexico.com\/sitio\/wp-json\/wp\/v2\/types\/post"}],"author":[{"embeddable":true,"href":"https:\/\/globalnewsmexico.com\/sitio\/wp-json\/wp\/v2\/users\/5"}],"replies":[{"embeddable":true,"href":"https:\/\/globalnewsmexico.com\/sitio\/wp-json\/wp\/v2\/comments?post=42123"}],"version-history":[{"count":0,"href":"https:\/\/globalnewsmexico.com\/sitio\/wp-json\/wp\/v2\/posts\/42123\/revisions"}],"wp:featuredmedia":[{"embeddable":true,"href":"https:\/\/globalnewsmexico.com\/sitio\/wp-json\/wp\/v2\/media\/42124"}],"wp:attachment":[{"href":"https:\/\/globalnewsmexico.com\/sitio\/wp-json\/wp\/v2\/media?parent=42123"}],"wp:term":[{"taxonomy":"category","embeddable":true,"href":"https:\/\/globalnewsmexico.com\/sitio\/wp-json\/wp\/v2\/categories?post=42123"},{"taxonomy":"post_tag","embeddable":true,"href":"https:\/\/globalnewsmexico.com\/sitio\/wp-json\/wp\/v2\/tags?post=42123"}],"curies":[{"name":"wp","href":"https:\/\/api.w.org\/{rel}","templated":true}]}}