{"id":42152,"date":"2020-01-13T12:47:16","date_gmt":"2020-01-13T18:47:16","guid":{"rendered":"http:\/\/globalnewsmexico.com\/sitio\/?p=42152"},"modified":"2020-01-13T12:47:16","modified_gmt":"2020-01-13T18:47:16","slug":"revelan-el-verdadero-rostro-de-la-parka","status":"publish","type":"post","link":"https:\/\/globalnewsmexico.com\/sitio\/revelan-el-verdadero-rostro-de-la-parka\/","title":{"rendered":"Revelan el verdadero rostro de La Parka"},"content":{"rendered":"<p>El pasado s\u00e1bado, la Lucha Libre recibi\u00f3 una de las noticias m\u00e1s tristes: &#8216;La Parka&#8217;, uno de los \u00edconos de la Marca AAA, hab\u00eda fallecido. Tras este lamentable hecho, amigos como la misma Triple A mostraron sus condolencias hacia la familia del luchador, y ser\u00eda esta misma la que revelar\u00eda la verdadera apariencia de &#8216;La Parka&#8217; mediante unas fotograf\u00edas.<\/p>\n<p>Luego de un terrible accidente en su \u00faltimo combate en la Arena Coliseo de Monterrey, el luchador de 54 a\u00f1os vivi\u00f3 sus \u00faltimos d\u00edas en su natal Hermosillo, donde falleci\u00f3 a causa de complicaciones renales, provocadas por secuelas de la lesi\u00f3n sufrida.<\/p>\n<p>Durante su trayectoria, \u00e9l fue el encargado de quitar varias m\u00e1scaras a sus contrincantes, pero jam\u00e1s hubo alguien que pudiera ganar su m\u00edstica mascar\u00e1. &#8216;Cibern\u00e9tico&#8217; y &#8216;Muerte Cibern\u00e9tica&#8217; fueron sus v\u00edctimas. <\/p>\n<p>Ahora a solo tres d\u00edas de su partida, familiares habr\u00edan dado a conocer de forma accidental el verdadero rostro de Jes\u00fas Alfonso Huerta Escoboza, &#8216;La Parka&#8217;; y es que mediante una publicaci\u00f3n, una mujer llamada Ana Hemsani, quien dice haber tenido una hija con el luchador, ha revelado im\u00e1genes en redes sociales donde aparecer\u00eda su verdadero rostro.<\/p>\n<p>La publicaci\u00f3n est\u00e1 constituida de tres im\u00e1genes donde se puede ver a la expareja del luchador junto a \u00e9l, una grupal y una donde claramente se ve el rostro completo de Huerta Escoboza.<\/p>\n<p>Aunque no se sabe a ciencia cierta si sea verdad, hace ya un tiempo en la plataforma de Youtube se public\u00f3 un video en donde aparecieron unas im\u00e1genes, que ahora podr\u00edan confirmar la verdadera identidad del luchador.<\/p>\n<p>Fuente: Debate<\/p>\n","protected":false},"excerpt":{"rendered":"<p>El pasado s\u00e1bado, la Lucha Libre recibi\u00f3 una de las noticias m\u00e1s tristes: &#8216;La Parka&#8217;, uno de los \u00edconos de la Marca AAA, hab\u00eda fallecido. Tras este lamentable hecho, amigos como la misma Triple A mostraron sus condolencias hacia la familia del luchador, y ser\u00eda esta misma la que revelar\u00eda la verdadera apariencia de &#8216;La<a class=\"read-more\" href=\"https:\/\/globalnewsmexico.com\/sitio\/revelan-el-verdadero-rostro-de-la-parka\/\">Leer m\u00e1s<\/a><\/p>\n","protected":false},"author":5,"featured_media":42153,"comment_status":"closed","ping_status":"open","sticky":false,"template":"","format":"standard","meta":{"spay_email":"","footnotes":""},"categories":[37,8,40,52],"tags":[],"jetpack_featured_media_url":"https:\/\/i1.wp.com\/globalnewsmexico.com\/sitio\/wp-content\/uploads\/2020\/01\/la_parka.jpg_288787296.jpg?fit=1040%2C1033&ssl=1","jetpack_sharing_enabled":true,"jetpack_shortlink":"https:\/\/wp.me\/p9yqPL-aXS","jetpack_likes_enabled":true,"_links":{"self":[{"href":"https:\/\/globalnewsmexico.com\/sitio\/wp-json\/wp\/v2\/posts\/42152"}],"collection":[{"href":"https:\/\/globalnewsmexico.com\/sitio\/wp-json\/wp\/v2\/posts"}],"about":[{"href":"https:\/\/globalnewsmexico.com\/sitio\/wp-json\/wp\/v2\/types\/post"}],"author":[{"embeddable":true,"href":"https:\/\/globalnewsmexico.com\/sitio\/wp-json\/wp\/v2\/users\/5"}],"replies":[{"embeddable":true,"href":"https:\/\/globalnewsmexico.com\/sitio\/wp-json\/wp\/v2\/comments?post=42152"}],"version-history":[{"count":0,"href":"https:\/\/globalnewsmexico.com\/sitio\/wp-json\/wp\/v2\/posts\/42152\/revisions"}],"wp:featuredmedia":[{"embeddable":true,"href":"https:\/\/globalnewsmexico.com\/sitio\/wp-json\/wp\/v2\/media\/42153"}],"wp:attachment":[{"href":"https:\/\/globalnewsmexico.com\/sitio\/wp-json\/wp\/v2\/media?parent=42152"}],"wp:term":[{"taxonomy":"category","embeddable":true,"href":"https:\/\/globalnewsmexico.com\/sitio\/wp-json\/wp\/v2\/categories?post=42152"},{"taxonomy":"post_tag","embeddable":true,"href":"https:\/\/globalnewsmexico.com\/sitio\/wp-json\/wp\/v2\/tags?post=42152"}],"curies":[{"name":"wp","href":"https:\/\/api.w.org\/{rel}","templated":true}]}}