{"id":42170,"date":"2020-01-13T14:40:17","date_gmt":"2020-01-13T20:40:17","guid":{"rendered":"http:\/\/globalnewsmexico.com\/sitio\/?p=42170"},"modified":"2020-01-13T14:40:17","modified_gmt":"2020-01-13T20:40:17","slug":"iran-demandara-a-trump-por-muerte-de-general-soleimani","status":"publish","type":"post","link":"https:\/\/globalnewsmexico.com\/sitio\/iran-demandara-a-trump-por-muerte-de-general-soleimani\/","title":{"rendered":"Ir\u00e1n demandar\u00e1 a Trump por muerte de general Soleimani"},"content":{"rendered":"<p>Las autoridades de Ir\u00e1n informaron que demandar\u00e1n al presidente de Estados Unidos, Donald Trump, por la muerte del general Qasem Soleimani, remarcando que el mandatario estadounidense \u00abdebe comparecer ante un tribunal internacional\u00bb.<\/p>\n<p>\u00abLa demanda ser\u00e1 presentada mientras est\u00e1 en el poder como presidente de Estados Unidos\u00bb, inform\u00f3 el jefe del aparato judicial iran\u00ed, Ebrahim Raisi, seg\u00fan anunci\u00f3 la agencia iran\u00ed de noticias FARS.<\/p>\n<p>\u00abNo lo dejaremos tranquilo. Debe comparecer ante un tribunal internacional\u00bb, manifest\u00f3, antes de agregar que Trump \u00abdebe rendir cuentas por sus actos como sospechoso principal\u00bb.<\/p>\n<p>Soleimani muri\u00f3 junto al &#8216;n\u00famero dos&#8217; de las Fuerzas de Movilizaci\u00f3n Popular (FMP), una coalici\u00f3n de milicias pro gubernamentales iraqu\u00edes apoyadas por Teher\u00e1n, Ab\u00fa Mahdi al Muhandis, y varios milicianos iraqu\u00edes, tras lo que Ir\u00e1n prometi\u00f3 que se vengar\u00eda por el ataque.<\/p>\n<p>En respuesta a la muerte de Soleimani, Ir\u00e1n atac\u00f3 el mi\u00e9rcoles con misiles dos bases militares situadas en Irak, en las que se encuentran desplegados soldados estadounidenses, en lo que el l\u00edder supremo iran\u00ed, Al\u00ed Jamenei, describi\u00f3 como \u00abuna bofetada\u00bb a Washington.<\/p>\n<p>Fuente: Agencias<\/p>\n","protected":false},"excerpt":{"rendered":"<p>Las autoridades de Ir\u00e1n informaron que demandar\u00e1n al presidente de Estados Unidos, Donald Trump, por la muerte del general Qasem Soleimani, remarcando que el mandatario estadounidense \u00abdebe comparecer ante un tribunal internacional\u00bb. \u00abLa demanda ser\u00e1 presentada mientras est\u00e1 en el poder como presidente de Estados Unidos\u00bb, inform\u00f3 el jefe del aparato judicial iran\u00ed, Ebrahim Raisi,<a class=\"read-more\" href=\"https:\/\/globalnewsmexico.com\/sitio\/iran-demandara-a-trump-por-muerte-de-general-soleimani\/\">Leer m\u00e1s<\/a><\/p>\n","protected":false},"author":5,"featured_media":42171,"comment_status":"closed","ping_status":"open","sticky":false,"template":"","format":"standard","meta":{"spay_email":"","footnotes":""},"categories":[37,8,48,52],"tags":[],"jetpack_featured_media_url":"https:\/\/i0.wp.com\/globalnewsmexico.com\/sitio\/wp-content\/uploads\/2020\/01\/donald-trump-enfrenta-serie-rechazo_0_24_958_596.jpg?fit=1040%2C647&ssl=1","jetpack_sharing_enabled":true,"jetpack_shortlink":"https:\/\/wp.me\/p9yqPL-aYa","jetpack_likes_enabled":true,"_links":{"self":[{"href":"https:\/\/globalnewsmexico.com\/sitio\/wp-json\/wp\/v2\/posts\/42170"}],"collection":[{"href":"https:\/\/globalnewsmexico.com\/sitio\/wp-json\/wp\/v2\/posts"}],"about":[{"href":"https:\/\/globalnewsmexico.com\/sitio\/wp-json\/wp\/v2\/types\/post"}],"author":[{"embeddable":true,"href":"https:\/\/globalnewsmexico.com\/sitio\/wp-json\/wp\/v2\/users\/5"}],"replies":[{"embeddable":true,"href":"https:\/\/globalnewsmexico.com\/sitio\/wp-json\/wp\/v2\/comments?post=42170"}],"version-history":[{"count":0,"href":"https:\/\/globalnewsmexico.com\/sitio\/wp-json\/wp\/v2\/posts\/42170\/revisions"}],"wp:featuredmedia":[{"embeddable":true,"href":"https:\/\/globalnewsmexico.com\/sitio\/wp-json\/wp\/v2\/media\/42171"}],"wp:attachment":[{"href":"https:\/\/globalnewsmexico.com\/sitio\/wp-json\/wp\/v2\/media?parent=42170"}],"wp:term":[{"taxonomy":"category","embeddable":true,"href":"https:\/\/globalnewsmexico.com\/sitio\/wp-json\/wp\/v2\/categories?post=42170"},{"taxonomy":"post_tag","embeddable":true,"href":"https:\/\/globalnewsmexico.com\/sitio\/wp-json\/wp\/v2\/tags?post=42170"}],"curies":[{"name":"wp","href":"https:\/\/api.w.org\/{rel}","templated":true}]}}