{"id":42180,"date":"2020-01-13T15:08:34","date_gmt":"2020-01-13T21:08:34","guid":{"rendered":"http:\/\/globalnewsmexico.com\/sitio\/?p=42180"},"modified":"2020-01-13T15:08:34","modified_gmt":"2020-01-13T21:08:34","slug":"reina-isabel-acepta-renuncia-del-principe-harry-y-meghan","status":"publish","type":"post","link":"https:\/\/globalnewsmexico.com\/sitio\/reina-isabel-acepta-renuncia-del-principe-harry-y-meghan\/","title":{"rendered":"Reina Isabel acepta renuncia del pr\u00edncipe Harry y Meghan"},"content":{"rendered":"<p>Luego del anuncio de la renuncia del pr\u00edncipe Harry y Meghan Markle a la primera l\u00ednea de la familia real, la reina Isabel II ya dio su opini\u00f3n al respecto de la decisi\u00f3n de los duques de Sussex, y aval\u00f3 los deseos de la pareja, pero pasando primero por un periodo de transici\u00f3n.<\/p>\n<p>En un comunicado del Palacio de Buckingham, la reina Isabel II dijo que \u00abmi familia y yo apoyamos completamente el deseo de Harry y Meghan para crear una nueva vida como una familia joven. Aunque hubi\u00e9ramos preferido que se mantuvieran como miembros de tiempo completo de la familia real, respetamos y entendemos sus deseos de vivir una vida m\u00e1s independiente, aunque manteni\u00e9ndose como parte de mi familia\u00bb.<\/p>\n<p>La reina se\u00f1al\u00f3 que el cambio no ser\u00e1 inmediato, ya que Harry y Meghan deber\u00e1n pasar por un periodo de transici\u00f3n en lo que los duques de Sussex dividen su vida entre Canad\u00e1 y el Reino Unido. \u00abHarry y Meghan dejaron en claro que no quieren depender del fondo p\u00fablico en sus nuevas vidas\u00bb, se\u00f1al\u00f3 Isabel II.<\/p>\n<p>Por \u00faltimo, la monarca explic\u00f3 que \u00abestos son asuntos complicados para que resuelva mi familia y a\u00fan hay trabajo por hacer, pero ped\u00ed que se tomen las decisiones finales en los pr\u00f3ximos d\u00edas\u00bb. <\/p>\n<p>El aviso lleg\u00f3 despu\u00e9s de una reuni\u00f3n de la familia real en el Palacio de Sandringham, en la que los pr\u00edncipes Harry y William fueron captados abandonando por separado el edificio. <\/p>\n<p>Seg\u00fan diversos medios brit\u00e1nicos, dentro de esa reuni\u00f3n se encontraban la reina Isabel, sus nietos Harry y William, y el pr\u00edncipe Carlos. Meghan Markle tambi\u00e9n particip\u00f3 mediante una llamada telef\u00f3nica desde Canad\u00e1.<\/p>\n<p>Fuente: Agencias<\/p>\n","protected":false},"excerpt":{"rendered":"<p>Luego del anuncio de la renuncia del pr\u00edncipe Harry y Meghan Markle a la primera l\u00ednea de la familia real, la reina Isabel II ya dio su opini\u00f3n al respecto de la decisi\u00f3n de los duques de Sussex, y aval\u00f3 los deseos de la pareja, pero pasando primero por un periodo de transici\u00f3n. En un<a class=\"read-more\" href=\"https:\/\/globalnewsmexico.com\/sitio\/reina-isabel-acepta-renuncia-del-principe-harry-y-meghan\/\">Leer m\u00e1s<\/a><\/p>\n","protected":false},"author":5,"featured_media":42181,"comment_status":"closed","ping_status":"open","sticky":false,"template":"","format":"standard","meta":{"spay_email":"","footnotes":""},"categories":[37,8,48,52],"tags":[],"jetpack_featured_media_url":"https:\/\/i2.wp.com\/globalnewsmexico.com\/sitio\/wp-content\/uploads\/2020\/01\/reina-apoya-decision-harry-meghan_0_83_958_596.jpg?fit=1040%2C647&ssl=1","jetpack_sharing_enabled":true,"jetpack_shortlink":"https:\/\/wp.me\/p9yqPL-aYk","jetpack_likes_enabled":true,"_links":{"self":[{"href":"https:\/\/globalnewsmexico.com\/sitio\/wp-json\/wp\/v2\/posts\/42180"}],"collection":[{"href":"https:\/\/globalnewsmexico.com\/sitio\/wp-json\/wp\/v2\/posts"}],"about":[{"href":"https:\/\/globalnewsmexico.com\/sitio\/wp-json\/wp\/v2\/types\/post"}],"author":[{"embeddable":true,"href":"https:\/\/globalnewsmexico.com\/sitio\/wp-json\/wp\/v2\/users\/5"}],"replies":[{"embeddable":true,"href":"https:\/\/globalnewsmexico.com\/sitio\/wp-json\/wp\/v2\/comments?post=42180"}],"version-history":[{"count":0,"href":"https:\/\/globalnewsmexico.com\/sitio\/wp-json\/wp\/v2\/posts\/42180\/revisions"}],"wp:featuredmedia":[{"embeddable":true,"href":"https:\/\/globalnewsmexico.com\/sitio\/wp-json\/wp\/v2\/media\/42181"}],"wp:attachment":[{"href":"https:\/\/globalnewsmexico.com\/sitio\/wp-json\/wp\/v2\/media?parent=42180"}],"wp:term":[{"taxonomy":"category","embeddable":true,"href":"https:\/\/globalnewsmexico.com\/sitio\/wp-json\/wp\/v2\/categories?post=42180"},{"taxonomy":"post_tag","embeddable":true,"href":"https:\/\/globalnewsmexico.com\/sitio\/wp-json\/wp\/v2\/tags?post=42180"}],"curies":[{"name":"wp","href":"https:\/\/api.w.org\/{rel}","templated":true}]}}