{"id":42280,"date":"2020-01-15T14:13:51","date_gmt":"2020-01-15T20:13:51","guid":{"rendered":"http:\/\/globalnewsmexico.com\/sitio\/?p=42280"},"modified":"2020-01-15T14:13:51","modified_gmt":"2020-01-15T20:13:51","slug":"refuerzan-seguridad-entre-veracruz-y-oaxaca","status":"publish","type":"post","link":"https:\/\/globalnewsmexico.com\/sitio\/refuerzan-seguridad-entre-veracruz-y-oaxaca\/","title":{"rendered":"Refuerzan seguridad entre Veracruz y Oaxaca"},"content":{"rendered":"<p>Fuerzas federales, estatales y municipales reforzar\u00e1n la regi\u00f3n lim\u00edtrofe entre Veracruz y Oaxaca, anunci\u00f3 el gobernador Cuitl\u00e1huac Garc\u00eda Jim\u00e9nez, quien puntualiz\u00f3 que se colocar\u00e1n retenes para evitar adem\u00e1s el tr\u00e1fico de personas.<\/p>\n<p>El mandatario veracruzano dijo que se acord\u00f3 instalar un ret\u00e9n en la comunidad Los Tigres.<\/p>\n<p>\u201cQueremos ir revisando toda la zona colindante con Oaxaca, debido a esta intensi\u00f3n de la delincuencia de hacer sus delitos en un lado, en un estado y pasarse al otro estado para evadir y as\u00ed en el otro; de nuestra parte estamos supervisando c\u00f3mo estamos coordinando todos los puestos de vigilancia entre las fuerzas federales, estatales y municipales\u201d, adelant\u00f3.<\/p>\n<p>El Ejecutivo estatal dej\u00f3 en claro que se trabajar\u00e1 en coordinaci\u00f3n con los tres \u00f3rdenes de Gobierno, donde se suman elementos de la Guardia Nacional, para evitar que los delincuentes se puedan mover entre las entidades.<\/p>\n<p>Reconoci\u00f3 que estas acciones son parte de los acuerdos que se tomaron en la reuni\u00f3n de la Comisi\u00f3n de Seguridad de la Conago, donde insisti\u00f3 que el objetivo es mejorar la seguridad y brindar certidumbre.<\/p>\n<p>Resalt\u00f3 que se trata de una regi\u00f3n que es importante por su producci\u00f3n de pi\u00f1a, as\u00ed como ganado, por lo que es objetivo de la delincuencia.<\/p>\n<p>\u201cTiene que ver mucho tambi\u00e9n con la zona del tr\u00e1fico de personas, tambi\u00e9n en esta regi\u00f3n atraviesan las v\u00edas del ferrocarril, tener una vigilancia permanente; aqu\u00ed se va a establecer uno \u2013reten de vigilancia- en la comunidad Los Tigres\u201d, mencion\u00f3.<\/p>\n<p>Fuente: Los Editores<\/p>\n","protected":false},"excerpt":{"rendered":"<p>Fuerzas federales, estatales y municipales reforzar\u00e1n la regi\u00f3n lim\u00edtrofe entre Veracruz y Oaxaca, anunci\u00f3 el gobernador Cuitl\u00e1huac Garc\u00eda Jim\u00e9nez, quien puntualiz\u00f3 que se colocar\u00e1n retenes para evitar adem\u00e1s el tr\u00e1fico de personas. El mandatario veracruzano dijo que se acord\u00f3 instalar un ret\u00e9n en la comunidad Los Tigres. \u201cQueremos ir revisando toda la zona colindante con<a class=\"read-more\" href=\"https:\/\/globalnewsmexico.com\/sitio\/refuerzan-seguridad-entre-veracruz-y-oaxaca\/\">Leer m\u00e1s<\/a><\/p>\n","protected":false},"author":5,"featured_media":42281,"comment_status":"closed","ping_status":"open","sticky":false,"template":"","format":"standard","meta":{"spay_email":"","footnotes":""},"categories":[37,8,50,52],"tags":[],"jetpack_featured_media_url":"https:\/\/i2.wp.com\/globalnewsmexico.com\/sitio\/wp-content\/uploads\/2020\/01\/1100y8XJrHIuqA.jpg?fit=1040%2C639&ssl=1","jetpack_sharing_enabled":true,"jetpack_shortlink":"https:\/\/wp.me\/p9yqPL-aZW","jetpack_likes_enabled":true,"_links":{"self":[{"href":"https:\/\/globalnewsmexico.com\/sitio\/wp-json\/wp\/v2\/posts\/42280"}],"collection":[{"href":"https:\/\/globalnewsmexico.com\/sitio\/wp-json\/wp\/v2\/posts"}],"about":[{"href":"https:\/\/globalnewsmexico.com\/sitio\/wp-json\/wp\/v2\/types\/post"}],"author":[{"embeddable":true,"href":"https:\/\/globalnewsmexico.com\/sitio\/wp-json\/wp\/v2\/users\/5"}],"replies":[{"embeddable":true,"href":"https:\/\/globalnewsmexico.com\/sitio\/wp-json\/wp\/v2\/comments?post=42280"}],"version-history":[{"count":0,"href":"https:\/\/globalnewsmexico.com\/sitio\/wp-json\/wp\/v2\/posts\/42280\/revisions"}],"wp:featuredmedia":[{"embeddable":true,"href":"https:\/\/globalnewsmexico.com\/sitio\/wp-json\/wp\/v2\/media\/42281"}],"wp:attachment":[{"href":"https:\/\/globalnewsmexico.com\/sitio\/wp-json\/wp\/v2\/media?parent=42280"}],"wp:term":[{"taxonomy":"category","embeddable":true,"href":"https:\/\/globalnewsmexico.com\/sitio\/wp-json\/wp\/v2\/categories?post=42280"},{"taxonomy":"post_tag","embeddable":true,"href":"https:\/\/globalnewsmexico.com\/sitio\/wp-json\/wp\/v2\/tags?post=42280"}],"curies":[{"name":"wp","href":"https:\/\/api.w.org\/{rel}","templated":true}]}}