{"id":42300,"date":"2020-01-16T10:08:02","date_gmt":"2020-01-16T16:08:02","guid":{"rendered":"http:\/\/globalnewsmexico.com\/sitio\/?p=42300"},"modified":"2020-01-16T10:08:02","modified_gmt":"2020-01-16T16:08:02","slug":"van-13-estados-adheridos-al-insabi-19-estan-en-proceso","status":"publish","type":"post","link":"https:\/\/globalnewsmexico.com\/sitio\/van-13-estados-adheridos-al-insabi-19-estan-en-proceso\/","title":{"rendered":"Van 13 estados adheridos al Insabi; 19 est\u00e1n en proceso"},"content":{"rendered":"<p>Juan Antonio Ferrer, director del Instituto de Salud para el Bienestar (Insabi), asegur\u00f3 que todos los estados del pa\u00eds est\u00e1n interesados en adherirse al plan general de salud, y que al d\u00eda de hoy 13 estados han firmado con el instituto, mientras 19 a\u00fan est\u00e1n en proceso.<\/p>\n<p>Durante la conferencia matutina del presidente Andr\u00e9s Manuel L\u00f3pez Obrador, Ferrer Aguilar detall\u00f3 que las entidades que ya se adhirieron son: Tabasco, Yucat\u00e1n, Ciudad de M\u00e9xico, Baja California, Oaxaca, Puebla, Chiapas, Veracruz, Colima, Hidalgo, Quintana Roo y San Luis Potos\u00ed.<\/p>\n<p>Mientras que los estados pendientes por adherirse son: Baja California, Campeche, Chihuahua, Coahuila, Durango, Estado de M\u00e9xico, Guanajuato, Guerrero, Jalisco, Michoac\u00e1n, Morelos, Nayarit, Nuevo Le\u00f3n, Quer\u00e9taro, Sinaloa, Tamaulipas, Tlaxcala, Zacatecas y Aguascalientes.<\/p>\n<p>Por su parte, Jorge Alcocer, secretario de Salud, dijo que el Insabi se ha creado como reforzamiento y una reorientaci\u00f3n de la salud p\u00fablica, y que todos los martes, trabajadores del sector informar\u00e1n sobre avances en el plan general.<\/p>\n<p>Fuente: Milenio<\/p>\n","protected":false},"excerpt":{"rendered":"<p>Juan Antonio Ferrer, director del Instituto de Salud para el Bienestar (Insabi), asegur\u00f3 que todos los estados del pa\u00eds est\u00e1n interesados en adherirse al plan general de salud, y que al d\u00eda de hoy 13 estados han firmado con el instituto, mientras 19 a\u00fan est\u00e1n en proceso. Durante la conferencia matutina del presidente Andr\u00e9s Manuel<a class=\"read-more\" href=\"https:\/\/globalnewsmexico.com\/sitio\/van-13-estados-adheridos-al-insabi-19-estan-en-proceso\/\">Leer m\u00e1s<\/a><\/p>\n","protected":false},"author":5,"featured_media":42301,"comment_status":"closed","ping_status":"open","sticky":false,"template":"","format":"standard","meta":{"spay_email":"","footnotes":""},"categories":[37,8,39,52],"tags":[],"jetpack_featured_media_url":"https:\/\/i2.wp.com\/globalnewsmexico.com\/sitio\/wp-content\/uploads\/2020\/01\/juan-antonio-ferrer-director-insabi_0_42_958_596.jpeg?fit=1040%2C647&ssl=1","jetpack_sharing_enabled":true,"jetpack_shortlink":"https:\/\/wp.me\/p9yqPL-b0g","jetpack_likes_enabled":true,"_links":{"self":[{"href":"https:\/\/globalnewsmexico.com\/sitio\/wp-json\/wp\/v2\/posts\/42300"}],"collection":[{"href":"https:\/\/globalnewsmexico.com\/sitio\/wp-json\/wp\/v2\/posts"}],"about":[{"href":"https:\/\/globalnewsmexico.com\/sitio\/wp-json\/wp\/v2\/types\/post"}],"author":[{"embeddable":true,"href":"https:\/\/globalnewsmexico.com\/sitio\/wp-json\/wp\/v2\/users\/5"}],"replies":[{"embeddable":true,"href":"https:\/\/globalnewsmexico.com\/sitio\/wp-json\/wp\/v2\/comments?post=42300"}],"version-history":[{"count":0,"href":"https:\/\/globalnewsmexico.com\/sitio\/wp-json\/wp\/v2\/posts\/42300\/revisions"}],"wp:featuredmedia":[{"embeddable":true,"href":"https:\/\/globalnewsmexico.com\/sitio\/wp-json\/wp\/v2\/media\/42301"}],"wp:attachment":[{"href":"https:\/\/globalnewsmexico.com\/sitio\/wp-json\/wp\/v2\/media?parent=42300"}],"wp:term":[{"taxonomy":"category","embeddable":true,"href":"https:\/\/globalnewsmexico.com\/sitio\/wp-json\/wp\/v2\/categories?post=42300"},{"taxonomy":"post_tag","embeddable":true,"href":"https:\/\/globalnewsmexico.com\/sitio\/wp-json\/wp\/v2\/tags?post=42300"}],"curies":[{"name":"wp","href":"https:\/\/api.w.org\/{rel}","templated":true}]}}