{"id":42307,"date":"2020-01-16T10:31:45","date_gmt":"2020-01-16T16:31:45","guid":{"rendered":"http:\/\/globalnewsmexico.com\/sitio\/?p=42307"},"modified":"2020-01-16T10:31:45","modified_gmt":"2020-01-16T16:31:45","slug":"designan-a-mijail-mishustin-como-nuevo-primer-ministro-de-rusia","status":"publish","type":"post","link":"https:\/\/globalnewsmexico.com\/sitio\/designan-a-mijail-mishustin-como-nuevo-primer-ministro-de-rusia\/","title":{"rendered":"Designan a Mija\u00edl Mishustin como nuevo primer ministro de Rusia"},"content":{"rendered":"<p>Con 383 votos a favor, 41 abstenciones y ninguno en contra, Mija\u00edl Mishustin fue aprobado como primer ministro por la Duma, c\u00e1mara baja del parlamento ruso, y poco despu\u00e9s el presidente Vladimir Putin firm\u00f3 el decreto corresondiente.<\/p>\n<p>\u00abColegas, la decisi\u00f3n ha sido tomada. Hemos dado el consentimiento para el nombramiento de Mishustin Mikhail Vladimirovich como primer ministro por el presidente de la Federaci\u00f3n de Rusia\u00bb, dijo el presidente de la Duma, Vyacheslav Volodin, inform\u00f3 la agencia Itar Tass.<\/p>\n<p>El ingeniero en sistemas computacionales y doctor en econom\u00eda de 53 a\u00f1os, sustituir\u00e1 a Dmitri Medv\u00e9dev que la v\u00edspera renunci\u00f3 junto a todo su gabinete para dar espacio a Putin de realizar los cambios constitucionales que anunci\u00f3 previamente.<\/p>\n<p>Mishustin no pertenece al que se conoce como &#8216;grupo de San Petersburgo&#8217;, de donde es originario el mandatario y que actuaron de alguna forma en la \u00e9poca en que Put\u00edn trabaj\u00f3 en la alcald\u00eda de su ciudad natal.<\/p>\n<p>El nuevo primer ministro es reconocido por poner en marcha un efectivo sistema digital de recaudaci\u00f3n de impuestos, lo que ha permitido que el Gobierno ruso aumente sus ingresos de forma r\u00e1pida.<\/p>\n<p>Putin propuso este mi\u00e9rcoles confiar a la Duma del Estado, c\u00e1mara baja parlamentaria, la designaci\u00f3n del primer ministro, viceprimer ministro y ministros federales, lo que podr\u00eda dejar entrever sus intenciones de mantener su influencia pol\u00edtica cuando termine su actual mandato.<\/p>\n<p>El mandatario ruso firm\u00f3 luego el decreto con el nombramieno del jefe de Gobierno ruso, que entrar\u00e1 en vigor este viernes, precis\u00f3 la agencia Itar Tass.<\/p>\n<p>Fuente: Notimex<\/p>\n","protected":false},"excerpt":{"rendered":"<p>Con 383 votos a favor, 41 abstenciones y ninguno en contra, Mija\u00edl Mishustin fue aprobado como primer ministro por la Duma, c\u00e1mara baja del parlamento ruso, y poco despu\u00e9s el presidente Vladimir Putin firm\u00f3 el decreto corresondiente. \u00abColegas, la decisi\u00f3n ha sido tomada. Hemos dado el consentimiento para el nombramiento de Mishustin Mikhail Vladimirovich como<a class=\"read-more\" href=\"https:\/\/globalnewsmexico.com\/sitio\/designan-a-mijail-mishustin-como-nuevo-primer-ministro-de-rusia\/\">Leer m\u00e1s<\/a><\/p>\n","protected":false},"author":5,"featured_media":42308,"comment_status":"closed","ping_status":"open","sticky":false,"template":"","format":"standard","meta":{"spay_email":"","footnotes":""},"categories":[37,8,48,52],"tags":[],"jetpack_featured_media_url":"https:\/\/i1.wp.com\/globalnewsmexico.com\/sitio\/wp-content\/uploads\/2020\/01\/1079194.jpg?fit=1040%2C675&ssl=1","jetpack_sharing_enabled":true,"jetpack_shortlink":"https:\/\/wp.me\/p9yqPL-b0n","jetpack_likes_enabled":true,"_links":{"self":[{"href":"https:\/\/globalnewsmexico.com\/sitio\/wp-json\/wp\/v2\/posts\/42307"}],"collection":[{"href":"https:\/\/globalnewsmexico.com\/sitio\/wp-json\/wp\/v2\/posts"}],"about":[{"href":"https:\/\/globalnewsmexico.com\/sitio\/wp-json\/wp\/v2\/types\/post"}],"author":[{"embeddable":true,"href":"https:\/\/globalnewsmexico.com\/sitio\/wp-json\/wp\/v2\/users\/5"}],"replies":[{"embeddable":true,"href":"https:\/\/globalnewsmexico.com\/sitio\/wp-json\/wp\/v2\/comments?post=42307"}],"version-history":[{"count":0,"href":"https:\/\/globalnewsmexico.com\/sitio\/wp-json\/wp\/v2\/posts\/42307\/revisions"}],"wp:featuredmedia":[{"embeddable":true,"href":"https:\/\/globalnewsmexico.com\/sitio\/wp-json\/wp\/v2\/media\/42308"}],"wp:attachment":[{"href":"https:\/\/globalnewsmexico.com\/sitio\/wp-json\/wp\/v2\/media?parent=42307"}],"wp:term":[{"taxonomy":"category","embeddable":true,"href":"https:\/\/globalnewsmexico.com\/sitio\/wp-json\/wp\/v2\/categories?post=42307"},{"taxonomy":"post_tag","embeddable":true,"href":"https:\/\/globalnewsmexico.com\/sitio\/wp-json\/wp\/v2\/tags?post=42307"}],"curies":[{"name":"wp","href":"https:\/\/api.w.org\/{rel}","templated":true}]}}