{"id":42365,"date":"2020-01-17T10:33:35","date_gmt":"2020-01-17T16:33:35","guid":{"rendered":"http:\/\/globalnewsmexico.com\/sitio\/?p=42365"},"modified":"2020-01-17T10:33:35","modified_gmt":"2020-01-17T16:33:35","slug":"procede-policia-ministerial-contra-probables-asaltantes-de-cuentahabientes-en-veracruz","status":"publish","type":"post","link":"https:\/\/globalnewsmexico.com\/sitio\/procede-policia-ministerial-contra-probables-asaltantes-de-cuentahabientes-en-veracruz\/","title":{"rendered":"Procede Polic\u00eda Ministerial contra probables asaltantes de cuentahabientes en Veracruz"},"content":{"rendered":"<p>Personal operativo de la Polic\u00eda Ministerial, adscritos a la Fiscal\u00eda Regional zona Centro-Veracruz, logr\u00f3 cumplimentar una orden de aprehensi\u00f3n en contra de dos probables integrantes de una banda dedicada al robo a cuentahabientes en la zona de Veracruz-Boca del R\u00edo, a quienes se les imputa la probable comisi\u00f3n del delito de robo agravado.<\/p>\n<p>Los hechos que se imputan a Javier &#8216;N&#8217; y \u00c1ngel de Jes\u00fas &#8216;N&#8217;, ocurrieron en fechas pasadas, donde probablemente y con ayuda de m\u00e1s personas involucradas, despojaron a un cuentahabiente de 500 mil pesos que acababa de retirar de una sucursal bancaria.<\/p>\n<p>De acuerdo a las indagaciones realizadas por agentes ministeriales, se presume que los ahora detenidos cuentan con apoyo de diferentes personas que se filtran dentro de las sucursales bancarias, mismos que son los que dan la informaci\u00f3n de qui\u00e9n retira medianas o grandes cantidades de dinero.<\/p>\n<p>Gracias a las denuncias realizadas por personas afectadas, fue integrada la correspondiente Carpeta de Investigaci\u00f3n en la Unidad Integral de Procuraci\u00f3n de Justicia (UIPJ), el Fiscal Investigador conoci\u00f3 la identidad de los probables responsables y obtuvo la correspondiente orden de aprehensi\u00f3n; cabe se\u00f1alar que se sigue investigando si est\u00e1n involucrados en m\u00e1s casos de este tipo.<\/p>\n<p>Agentes ministeriales despu\u00e9s de dar captura a Javier &#8216;N&#8217; y \u00c1ngel de Jes\u00fas &#8216;N&#8217;, dentro del Proceso Penal 05\/2020, los dejaron a disposici\u00f3n de la autoridad judicial, misma que definir\u00e1 su situaci\u00f3n jur\u00eddica en pr\u00f3ximos d\u00edas.<\/p>\n","protected":false},"excerpt":{"rendered":"<p>Personal operativo de la Polic\u00eda Ministerial, adscritos a la Fiscal\u00eda Regional zona Centro-Veracruz, logr\u00f3 cumplimentar una orden de aprehensi\u00f3n en contra de dos probables integrantes de una banda dedicada al robo a cuentahabientes en la zona de Veracruz-Boca del R\u00edo, a quienes se les imputa la probable comisi\u00f3n del delito de robo agravado. Los hechos<a class=\"read-more\" href=\"https:\/\/globalnewsmexico.com\/sitio\/procede-policia-ministerial-contra-probables-asaltantes-de-cuentahabientes-en-veracruz\/\">Leer m\u00e1s<\/a><\/p>\n","protected":false},"author":5,"featured_media":42366,"comment_status":"closed","ping_status":"open","sticky":false,"template":"","format":"standard","meta":{"spay_email":"","footnotes":""},"categories":[37,8,50,52],"tags":[],"jetpack_featured_media_url":"https:\/\/i1.wp.com\/globalnewsmexico.com\/sitio\/wp-content\/uploads\/2020\/01\/IMG-20200117-WA0003_1040x1040.jpg?fit=1040%2C1040&ssl=1","jetpack_sharing_enabled":true,"jetpack_shortlink":"https:\/\/wp.me\/p9yqPL-b1j","jetpack_likes_enabled":true,"_links":{"self":[{"href":"https:\/\/globalnewsmexico.com\/sitio\/wp-json\/wp\/v2\/posts\/42365"}],"collection":[{"href":"https:\/\/globalnewsmexico.com\/sitio\/wp-json\/wp\/v2\/posts"}],"about":[{"href":"https:\/\/globalnewsmexico.com\/sitio\/wp-json\/wp\/v2\/types\/post"}],"author":[{"embeddable":true,"href":"https:\/\/globalnewsmexico.com\/sitio\/wp-json\/wp\/v2\/users\/5"}],"replies":[{"embeddable":true,"href":"https:\/\/globalnewsmexico.com\/sitio\/wp-json\/wp\/v2\/comments?post=42365"}],"version-history":[{"count":0,"href":"https:\/\/globalnewsmexico.com\/sitio\/wp-json\/wp\/v2\/posts\/42365\/revisions"}],"wp:featuredmedia":[{"embeddable":true,"href":"https:\/\/globalnewsmexico.com\/sitio\/wp-json\/wp\/v2\/media\/42366"}],"wp:attachment":[{"href":"https:\/\/globalnewsmexico.com\/sitio\/wp-json\/wp\/v2\/media?parent=42365"}],"wp:term":[{"taxonomy":"category","embeddable":true,"href":"https:\/\/globalnewsmexico.com\/sitio\/wp-json\/wp\/v2\/categories?post=42365"},{"taxonomy":"post_tag","embeddable":true,"href":"https:\/\/globalnewsmexico.com\/sitio\/wp-json\/wp\/v2\/tags?post=42365"}],"curies":[{"name":"wp","href":"https:\/\/api.w.org\/{rel}","templated":true}]}}