{"id":42375,"date":"2020-01-17T12:25:32","date_gmt":"2020-01-17T18:25:32","guid":{"rendered":"http:\/\/globalnewsmexico.com\/sitio\/?p=42375"},"modified":"2020-01-17T12:25:32","modified_gmt":"2020-01-17T18:25:32","slug":"aprobacion-del-t-mec-en-canada-llevara-un-poco-mas-de-tiempo-amlo","status":"publish","type":"post","link":"https:\/\/globalnewsmexico.com\/sitio\/aprobacion-del-t-mec-en-canada-llevara-un-poco-mas-de-tiempo-amlo\/","title":{"rendered":"Aprobaci\u00f3n del T-MEC en Canad\u00e1, llevar\u00e1 un poco m\u00e1s de tiempo: AMLO"},"content":{"rendered":"<p>El presidente Andr\u00e9s Manuel L\u00f3pez Obrador se\u00f1al\u00f3 que la aprobaci\u00f3n del T-MEC por parte de Canad\u00e1, \u201cllevar\u00e1 un poco m\u00e1s de tiempo\u201d, debido a sus procedimientos parlamentarios.<\/p>\n<p>Inform\u00f3 que habl\u00f3 con el ministro de ese pa\u00eds, Justin Trudeau, y dijo que con su pr\u00e1ctica parlamentaria llevar\u00e1 tiempo, pero no hay oposici\u00f3n significativa del tratado.<\/p>\n<p>El presidente agradeci\u00f3 al Senado estadounidense aprobar el acuerdo, y reiter\u00f3 que ser\u00e1 de mucho beneficio para los tres pa\u00edses.<\/p>\n<p>L\u00f3pez Obrador indic\u00f3 que solo faltar\u00e1 la firma del presidente Donald Trump, por lo que dijo confiar en que sea lo m\u00e1s pronto posible.<\/p>\n<p>\u201cAgradecerle por su apoyo (a Donal Trump), su trato respetuoso y en lo personal por tener un trato respetuoso con el presidente de M\u00e9xico (\u2026) Tambi\u00e9n agradecer a los negociadores del gobierno anterior y de este gobierno, a Marcelo Ebrard, Jes\u00fas Seade, Graciela M\u00e1rquez, Martha B\u00e1rcena y todos los que participaron\u201d, expuso.<\/p>\n<p>El mandatario federal dijo que \u201ceste es el segundo tratado m\u00e1s votado en los \u00faltimos tiempos, el segundo tratado con m\u00e1s votos de legisladores a favor, eso demuestra que hay mucha esperanza en mantener la relaci\u00f3n de cooperaci\u00f3n en los tres pa\u00edses y de manera especial mantener una buena relaci\u00f3n de M\u00e9xico con Estados Unidos\u201d.<\/p>\n<p>Fuente: Xeu Noticias<\/p>\n","protected":false},"excerpt":{"rendered":"<p>El presidente Andr\u00e9s Manuel L\u00f3pez Obrador se\u00f1al\u00f3 que la aprobaci\u00f3n del T-MEC por parte de Canad\u00e1, \u201cllevar\u00e1 un poco m\u00e1s de tiempo\u201d, debido a sus procedimientos parlamentarios. Inform\u00f3 que habl\u00f3 con el ministro de ese pa\u00eds, Justin Trudeau, y dijo que con su pr\u00e1ctica parlamentaria llevar\u00e1 tiempo, pero no hay oposici\u00f3n significativa del tratado. El<a class=\"read-more\" href=\"https:\/\/globalnewsmexico.com\/sitio\/aprobacion-del-t-mec-en-canada-llevara-un-poco-mas-de-tiempo-amlo\/\">Leer m\u00e1s<\/a><\/p>\n","protected":false},"author":5,"featured_media":42376,"comment_status":"closed","ping_status":"open","sticky":false,"template":"","format":"standard","meta":{"spay_email":"","footnotes":""},"categories":[37,8,40,52],"tags":[],"jetpack_featured_media_url":"https:\/\/i0.wp.com\/globalnewsmexico.com\/sitio\/wp-content\/uploads\/2020\/01\/1079430.jpg?fit=1040%2C692&ssl=1","jetpack_sharing_enabled":true,"jetpack_shortlink":"https:\/\/wp.me\/p9yqPL-b1t","jetpack_likes_enabled":true,"_links":{"self":[{"href":"https:\/\/globalnewsmexico.com\/sitio\/wp-json\/wp\/v2\/posts\/42375"}],"collection":[{"href":"https:\/\/globalnewsmexico.com\/sitio\/wp-json\/wp\/v2\/posts"}],"about":[{"href":"https:\/\/globalnewsmexico.com\/sitio\/wp-json\/wp\/v2\/types\/post"}],"author":[{"embeddable":true,"href":"https:\/\/globalnewsmexico.com\/sitio\/wp-json\/wp\/v2\/users\/5"}],"replies":[{"embeddable":true,"href":"https:\/\/globalnewsmexico.com\/sitio\/wp-json\/wp\/v2\/comments?post=42375"}],"version-history":[{"count":0,"href":"https:\/\/globalnewsmexico.com\/sitio\/wp-json\/wp\/v2\/posts\/42375\/revisions"}],"wp:featuredmedia":[{"embeddable":true,"href":"https:\/\/globalnewsmexico.com\/sitio\/wp-json\/wp\/v2\/media\/42376"}],"wp:attachment":[{"href":"https:\/\/globalnewsmexico.com\/sitio\/wp-json\/wp\/v2\/media?parent=42375"}],"wp:term":[{"taxonomy":"category","embeddable":true,"href":"https:\/\/globalnewsmexico.com\/sitio\/wp-json\/wp\/v2\/categories?post=42375"},{"taxonomy":"post_tag","embeddable":true,"href":"https:\/\/globalnewsmexico.com\/sitio\/wp-json\/wp\/v2\/tags?post=42375"}],"curies":[{"name":"wp","href":"https:\/\/api.w.org\/{rel}","templated":true}]}}