{"id":42402,"date":"2020-01-17T14:26:40","date_gmt":"2020-01-17T20:26:40","guid":{"rendered":"http:\/\/globalnewsmexico.com\/sitio\/?p=42402"},"modified":"2020-01-17T14:26:40","modified_gmt":"2020-01-17T20:26:40","slug":"eu-revela-que-hubo-11-heridos-en-ataque-de-iran-a-base-iraqui","status":"publish","type":"post","link":"https:\/\/globalnewsmexico.com\/sitio\/eu-revela-que-hubo-11-heridos-en-ataque-de-iran-a-base-iraqui\/","title":{"rendered":"EU revela que hubo 11 heridos en ataque de Ir\u00e1n a base iraqu\u00ed"},"content":{"rendered":"<p>El Comando Central de Estados Unidos inform\u00f3 hoy que 11 soldados estadounidenses resultaron heridos, tras el ataque de Ir\u00e1n a una base a\u00e9rea de Irak ocurrido a principios de mes, como respuesta al asesinato del l\u00edder iran\u00ed Qasem Soleimani.<\/p>\n<p>\u00abSi bien ning\u00fan miembro fue asesinado en el ataque iran\u00ed del 8 de enero a la base a\u00e9rea de al-Asad, varios fueron tratados por s\u00edntomas de conmoci\u00f3n cerebral por la explosi\u00f3n y todav\u00eda est\u00e1n siendo evaluados\u00bb, dijo Bill Urban, portavoz del Comando Central, en un comunicado.<\/p>\n<p>Detall\u00f3 que algunos de los lesionados \u201cfueron transportados al Centro M\u00e9dico Regional Landstuhl, en Alemania, mientras que otros fueron enviados a Camp Arifjan, Kuwait, para una evaluaci\u00f3n de seguimiento\u00bb.<\/p>\n<p>Agreg\u00f3 que, por protocolo, los afectados por la explosi\u00f3n \u201cse someten a un examen de lesiones cerebrales traum\u00e1ticas y, si se considera apropiado, se transportan a un nivel superior de atenci\u00f3n\u00bb.<\/p>\n<p>Cuando ocurri\u00f3 la agresi\u00f3n, el presidente estadounidense Donald Trump afirm\u00f3 que no se hab\u00edan producido da\u00f1os, mientras que el Pent\u00e1gono precis\u00f3 que ello fue gracias a que sus bases a\u00e9reas en Irak estaban en alerta m\u00e1xima.<\/p>\n<p>En ese momento, el secretario de Defensa, Mark Esper, dijo a los reporteros en el Pent\u00e1gono que 11 misiles bal\u00edsticos impactaron en al-Asad, lo que provoc\u00f3 da\u00f1os en un estacionamiento, calles de rodaje y un helic\u00f3ptero.<\/p>\n<p>Urban concluy\u00f3 su comunicado de este viernes se\u00f1alando que cuando se considere a los heridos como aptos para el servicio, \u201cse espera que regresen a Irak\u00bb.<\/p>\n<p>Fuente: Agencias<\/p>\n","protected":false},"excerpt":{"rendered":"<p>El Comando Central de Estados Unidos inform\u00f3 hoy que 11 soldados estadounidenses resultaron heridos, tras el ataque de Ir\u00e1n a una base a\u00e9rea de Irak ocurrido a principios de mes, como respuesta al asesinato del l\u00edder iran\u00ed Qasem Soleimani. \u00abSi bien ning\u00fan miembro fue asesinado en el ataque iran\u00ed del 8 de enero a la<a class=\"read-more\" href=\"https:\/\/globalnewsmexico.com\/sitio\/eu-revela-que-hubo-11-heridos-en-ataque-de-iran-a-base-iraqui\/\">Leer m\u00e1s<\/a><\/p>\n","protected":false},"author":5,"featured_media":42403,"comment_status":"closed","ping_status":"open","sticky":false,"template":"","format":"standard","meta":{"spay_email":"","footnotes":""},"categories":[37,8,48,52],"tags":[],"jetpack_featured_media_url":"https:\/\/i2.wp.com\/globalnewsmexico.com\/sitio\/wp-content\/uploads\/2020\/01\/11heridos-621x354.jpg?fit=1040%2C592&ssl=1","jetpack_sharing_enabled":true,"jetpack_shortlink":"https:\/\/wp.me\/p9yqPL-b1U","jetpack_likes_enabled":true,"_links":{"self":[{"href":"https:\/\/globalnewsmexico.com\/sitio\/wp-json\/wp\/v2\/posts\/42402"}],"collection":[{"href":"https:\/\/globalnewsmexico.com\/sitio\/wp-json\/wp\/v2\/posts"}],"about":[{"href":"https:\/\/globalnewsmexico.com\/sitio\/wp-json\/wp\/v2\/types\/post"}],"author":[{"embeddable":true,"href":"https:\/\/globalnewsmexico.com\/sitio\/wp-json\/wp\/v2\/users\/5"}],"replies":[{"embeddable":true,"href":"https:\/\/globalnewsmexico.com\/sitio\/wp-json\/wp\/v2\/comments?post=42402"}],"version-history":[{"count":0,"href":"https:\/\/globalnewsmexico.com\/sitio\/wp-json\/wp\/v2\/posts\/42402\/revisions"}],"wp:featuredmedia":[{"embeddable":true,"href":"https:\/\/globalnewsmexico.com\/sitio\/wp-json\/wp\/v2\/media\/42403"}],"wp:attachment":[{"href":"https:\/\/globalnewsmexico.com\/sitio\/wp-json\/wp\/v2\/media?parent=42402"}],"wp:term":[{"taxonomy":"category","embeddable":true,"href":"https:\/\/globalnewsmexico.com\/sitio\/wp-json\/wp\/v2\/categories?post=42402"},{"taxonomy":"post_tag","embeddable":true,"href":"https:\/\/globalnewsmexico.com\/sitio\/wp-json\/wp\/v2\/tags?post=42402"}],"curies":[{"name":"wp","href":"https:\/\/api.w.org\/{rel}","templated":true}]}}