{"id":42436,"date":"2020-01-18T12:33:18","date_gmt":"2020-01-18T18:33:18","guid":{"rendered":"http:\/\/globalnewsmexico.com\/sitio\/?p=42436"},"modified":"2020-01-18T12:33:18","modified_gmt":"2020-01-18T18:33:18","slug":"ejecutan-a-subdirector-de-servicios-periciales-en-oaxaca","status":"publish","type":"post","link":"https:\/\/globalnewsmexico.com\/sitio\/ejecutan-a-subdirector-de-servicios-periciales-en-oaxaca\/","title":{"rendered":"Ejecutan a subdirector de Servicios Periciales en Oaxaca"},"content":{"rendered":"<p>El subdirector del Instituto de Servicios Periciales de la Fiscal\u00eda General de Oaxaca, fue ejecutado la ma\u00f1ana de este s\u00e1bado en el estacionamiento de una tienda de autoservicio, en el municipio de San Juan Bautista Tuxtepec.<\/p>\n<p>Las corporaciones policiacas y personal de la Vicefiscal\u00eda regional identificaron a la v\u00edctima como Cristian Soto Palma, cuyo cuerpo qued\u00f3 al interior de una camioneta.<\/p>\n<p>De acuerdo con los primeros reportes, el m\u00e9dico forense y funcionario de 45 a\u00f1os de edad se dispon\u00eda a ingresar a la tienda de autoservicio, ubicada la Plaza Crystal; sin embargo, fue atacado antes de descender del veh\u00edculo.<\/p>\n<p>El estacionamiento del centro comercial fue acordonado por la Polic\u00eda Municipal, para que personal ministerial realizara las diligencias.<\/p>\n<p>Fuente: Exc\u00e9lsior<\/p>\n","protected":false},"excerpt":{"rendered":"<p>El subdirector del Instituto de Servicios Periciales de la Fiscal\u00eda General de Oaxaca, fue ejecutado la ma\u00f1ana de este s\u00e1bado en el estacionamiento de una tienda de autoservicio, en el municipio de San Juan Bautista Tuxtepec. Las corporaciones policiacas y personal de la Vicefiscal\u00eda regional identificaron a la v\u00edctima como Cristian Soto Palma, cuyo cuerpo<a class=\"read-more\" href=\"https:\/\/globalnewsmexico.com\/sitio\/ejecutan-a-subdirector-de-servicios-periciales-en-oaxaca\/\">Leer m\u00e1s<\/a><\/p>\n","protected":false},"author":5,"featured_media":42437,"comment_status":"closed","ping_status":"open","sticky":false,"template":"","format":"standard","meta":{"spay_email":"","footnotes":""},"categories":[37,8,49,52],"tags":[],"jetpack_featured_media_url":"https:\/\/i1.wp.com\/globalnewsmexico.com\/sitio\/wp-content\/uploads\/2020\/01\/ejecutado-tuxtepec-18ene-2.jpg?fit=1040%2C578&ssl=1","jetpack_sharing_enabled":true,"jetpack_shortlink":"https:\/\/wp.me\/p9yqPL-b2s","jetpack_likes_enabled":true,"_links":{"self":[{"href":"https:\/\/globalnewsmexico.com\/sitio\/wp-json\/wp\/v2\/posts\/42436"}],"collection":[{"href":"https:\/\/globalnewsmexico.com\/sitio\/wp-json\/wp\/v2\/posts"}],"about":[{"href":"https:\/\/globalnewsmexico.com\/sitio\/wp-json\/wp\/v2\/types\/post"}],"author":[{"embeddable":true,"href":"https:\/\/globalnewsmexico.com\/sitio\/wp-json\/wp\/v2\/users\/5"}],"replies":[{"embeddable":true,"href":"https:\/\/globalnewsmexico.com\/sitio\/wp-json\/wp\/v2\/comments?post=42436"}],"version-history":[{"count":0,"href":"https:\/\/globalnewsmexico.com\/sitio\/wp-json\/wp\/v2\/posts\/42436\/revisions"}],"wp:featuredmedia":[{"embeddable":true,"href":"https:\/\/globalnewsmexico.com\/sitio\/wp-json\/wp\/v2\/media\/42437"}],"wp:attachment":[{"href":"https:\/\/globalnewsmexico.com\/sitio\/wp-json\/wp\/v2\/media?parent=42436"}],"wp:term":[{"taxonomy":"category","embeddable":true,"href":"https:\/\/globalnewsmexico.com\/sitio\/wp-json\/wp\/v2\/categories?post=42436"},{"taxonomy":"post_tag","embeddable":true,"href":"https:\/\/globalnewsmexico.com\/sitio\/wp-json\/wp\/v2\/tags?post=42436"}],"curies":[{"name":"wp","href":"https:\/\/api.w.org\/{rel}","templated":true}]}}