{"id":42472,"date":"2020-01-20T10:37:23","date_gmt":"2020-01-20T16:37:23","guid":{"rendered":"http:\/\/globalnewsmexico.com\/sitio\/?p=42472"},"modified":"2020-01-20T10:37:23","modified_gmt":"2020-01-20T16:37:23","slug":"amlo-espera-que-eu-responda-esta-semana-a-oferta-sobre-avion-presidencial","status":"publish","type":"post","link":"https:\/\/globalnewsmexico.com\/sitio\/amlo-espera-que-eu-responda-esta-semana-a-oferta-sobre-avion-presidencial\/","title":{"rendered":"AMLO espera que EU responda esta semana a oferta sobre avi\u00f3n presidencial"},"content":{"rendered":"<p>El presidente Andr\u00e9s Manuel L\u00f3pez Obrador estim\u00f3 que el Gobierno de Estados Unidos, responda esta semana a la propuesta de comprar el avi\u00f3n presidencial TP-01 &#8216;Jos\u00e9 Mar\u00eda Morelos y Pav\u00f3n&#8217;.<\/p>\n<p>En conferencia matutina, coment\u00f3 que el dinero obtenido por la venta de la aeronave se utilizar\u00e1 para la compra de equipos m\u00e9dicos, e incluso dijo que ya se cuenta con una lista de todo lo que se requiere en los hospitales del pa\u00eds.<\/p>\n<p>\u00abYa se ofreci\u00f3 al Gobierno de Estados Unidos y esta semana van a respondernos. Aqu\u00ed como en el caso de los empresarios, lo que estamos haciendo con el compromiso es que el dinero se va a usar para la compra de equipos m\u00e9dicos. Ya mandamos la lista de todo lo que requieren los hospitales; se va el avi\u00f3n y vienen estos equipos\u00bb, expres\u00f3.<\/p>\n<p>L\u00f3pez Obrador detall\u00f3 que entre el material que se prev\u00e9 comprar se enlistan ambulancias, equipos de rayos x, tom\u00f3grafos, mast\u00f3grafos y \u00abtodo lo que requieren los hospitales\u00bb.<\/p>\n<p>Fuente: Milenio<\/p>\n","protected":false},"excerpt":{"rendered":"<p>El presidente Andr\u00e9s Manuel L\u00f3pez Obrador estim\u00f3 que el Gobierno de Estados Unidos, responda esta semana a la propuesta de comprar el avi\u00f3n presidencial TP-01 &#8216;Jos\u00e9 Mar\u00eda Morelos y Pav\u00f3n&#8217;. En conferencia matutina, coment\u00f3 que el dinero obtenido por la venta de la aeronave se utilizar\u00e1 para la compra de equipos m\u00e9dicos, e incluso dijo<a class=\"read-more\" href=\"https:\/\/globalnewsmexico.com\/sitio\/amlo-espera-que-eu-responda-esta-semana-a-oferta-sobre-avion-presidencial\/\">Leer m\u00e1s<\/a><\/p>\n","protected":false},"author":5,"featured_media":42473,"comment_status":"closed","ping_status":"open","sticky":false,"template":"","format":"standard","meta":{"spay_email":"","footnotes":""},"categories":[37,8,39,52],"tags":[],"jetpack_featured_media_url":"https:\/\/i0.wp.com\/globalnewsmexico.com\/sitio\/wp-content\/uploads\/2020\/01\/conferencia-de-prensa-del-presidente-1.jpeg?fit=1040%2C647&ssl=1","jetpack_sharing_enabled":true,"jetpack_shortlink":"https:\/\/wp.me\/p9yqPL-b32","jetpack_likes_enabled":true,"_links":{"self":[{"href":"https:\/\/globalnewsmexico.com\/sitio\/wp-json\/wp\/v2\/posts\/42472"}],"collection":[{"href":"https:\/\/globalnewsmexico.com\/sitio\/wp-json\/wp\/v2\/posts"}],"about":[{"href":"https:\/\/globalnewsmexico.com\/sitio\/wp-json\/wp\/v2\/types\/post"}],"author":[{"embeddable":true,"href":"https:\/\/globalnewsmexico.com\/sitio\/wp-json\/wp\/v2\/users\/5"}],"replies":[{"embeddable":true,"href":"https:\/\/globalnewsmexico.com\/sitio\/wp-json\/wp\/v2\/comments?post=42472"}],"version-history":[{"count":0,"href":"https:\/\/globalnewsmexico.com\/sitio\/wp-json\/wp\/v2\/posts\/42472\/revisions"}],"wp:featuredmedia":[{"embeddable":true,"href":"https:\/\/globalnewsmexico.com\/sitio\/wp-json\/wp\/v2\/media\/42473"}],"wp:attachment":[{"href":"https:\/\/globalnewsmexico.com\/sitio\/wp-json\/wp\/v2\/media?parent=42472"}],"wp:term":[{"taxonomy":"category","embeddable":true,"href":"https:\/\/globalnewsmexico.com\/sitio\/wp-json\/wp\/v2\/categories?post=42472"},{"taxonomy":"post_tag","embeddable":true,"href":"https:\/\/globalnewsmexico.com\/sitio\/wp-json\/wp\/v2\/tags?post=42472"}],"curies":[{"name":"wp","href":"https:\/\/api.w.org\/{rel}","templated":true}]}}