{"id":42496,"date":"2020-01-20T12:43:23","date_gmt":"2020-01-20T18:43:23","guid":{"rendered":"http:\/\/globalnewsmexico.com\/sitio\/?p=42496"},"modified":"2020-01-20T12:43:23","modified_gmt":"2020-01-20T18:43:23","slug":"detienen-a-presunto-responsable-de-cortinazos-en-coatzacoalcos","status":"publish","type":"post","link":"https:\/\/globalnewsmexico.com\/sitio\/detienen-a-presunto-responsable-de-cortinazos-en-coatzacoalcos\/","title":{"rendered":"Detienen a presunto responsable de &#8216;cortinazos&#8217;, en Coatzacoalcos"},"content":{"rendered":"<p>Como parte de los operativos coordinados entre la Secretar\u00eda de Seguridad P\u00fablica (SSP), Polic\u00eda Naval y Municipal, se logr\u00f3 la captura de Francisco &#8216;N&#8217;, presunto integrante de la banda dedicada a los &#8216;cortinazos&#8217; en comercios de Coatzacoalcos, Veracruz.<\/p>\n<p>Elementos del Equipo T\u00e1ctico Especial, Polic\u00eda Estatal, Naval y Municipal circulaban sobre la avenida Emiliano Zapata, esquina avenida Uno, en la colonia Pr\u00f3coro Alor, cuando vieron a una persona con actitud sospechosa, quien al notar la presencia policial intent\u00f3 darse a la fuga.<\/p>\n<p>De inmediato lo aprehendieron y, al realizar una revisi\u00f3n de rutina, encontraron entre sus pertenencias un arma de fuego tipo escuadra, una barreta, una pinza, una l\u00e1mpara y varias dosis de droga conocida como cristal, por lo que procedieron a su intervenci\u00f3n y aseguramiento de arma y objetos.<\/p>\n<p>Cabe mencionar que el presunto se\u00f1alado cuenta con antecedentes penales por delitos contra la salud y robo calificado, adem\u00e1s fue identificado a trav\u00e9s de un video difundido hace unos d\u00edas.<\/p>\n<p>El detenido y lo asegurado fueron puestos a disposici\u00f3n de la Fiscal\u00eda General del Estado (FGE), para las indagatorias correspondientes.<\/p>\n","protected":false},"excerpt":{"rendered":"<p>Como parte de los operativos coordinados entre la Secretar\u00eda de Seguridad P\u00fablica (SSP), Polic\u00eda Naval y Municipal, se logr\u00f3 la captura de Francisco &#8216;N&#8217;, presunto integrante de la banda dedicada a los &#8216;cortinazos&#8217; en comercios de Coatzacoalcos, Veracruz. Elementos del Equipo T\u00e1ctico Especial, Polic\u00eda Estatal, Naval y Municipal circulaban sobre la avenida Emiliano Zapata, esquina<a class=\"read-more\" href=\"https:\/\/globalnewsmexico.com\/sitio\/detienen-a-presunto-responsable-de-cortinazos-en-coatzacoalcos\/\">Leer m\u00e1s<\/a><\/p>\n","protected":false},"author":5,"featured_media":42497,"comment_status":"closed","ping_status":"open","sticky":false,"template":"","format":"standard","meta":{"spay_email":"","footnotes":""},"categories":[37,8,50,52],"tags":[],"jetpack_featured_media_url":"https:\/\/i1.wp.com\/globalnewsmexico.com\/sitio\/wp-content\/uploads\/2020\/01\/83167357_1349340421934053_7785754282820632576_n.jpg?fit=1040%2C1040&ssl=1","jetpack_sharing_enabled":true,"jetpack_shortlink":"https:\/\/wp.me\/p9yqPL-b3q","jetpack_likes_enabled":true,"_links":{"self":[{"href":"https:\/\/globalnewsmexico.com\/sitio\/wp-json\/wp\/v2\/posts\/42496"}],"collection":[{"href":"https:\/\/globalnewsmexico.com\/sitio\/wp-json\/wp\/v2\/posts"}],"about":[{"href":"https:\/\/globalnewsmexico.com\/sitio\/wp-json\/wp\/v2\/types\/post"}],"author":[{"embeddable":true,"href":"https:\/\/globalnewsmexico.com\/sitio\/wp-json\/wp\/v2\/users\/5"}],"replies":[{"embeddable":true,"href":"https:\/\/globalnewsmexico.com\/sitio\/wp-json\/wp\/v2\/comments?post=42496"}],"version-history":[{"count":0,"href":"https:\/\/globalnewsmexico.com\/sitio\/wp-json\/wp\/v2\/posts\/42496\/revisions"}],"wp:featuredmedia":[{"embeddable":true,"href":"https:\/\/globalnewsmexico.com\/sitio\/wp-json\/wp\/v2\/media\/42497"}],"wp:attachment":[{"href":"https:\/\/globalnewsmexico.com\/sitio\/wp-json\/wp\/v2\/media?parent=42496"}],"wp:term":[{"taxonomy":"category","embeddable":true,"href":"https:\/\/globalnewsmexico.com\/sitio\/wp-json\/wp\/v2\/categories?post=42496"},{"taxonomy":"post_tag","embeddable":true,"href":"https:\/\/globalnewsmexico.com\/sitio\/wp-json\/wp\/v2\/tags?post=42496"}],"curies":[{"name":"wp","href":"https:\/\/api.w.org\/{rel}","templated":true}]}}