{"id":42500,"date":"2020-01-20T13:46:34","date_gmt":"2020-01-20T19:46:34","guid":{"rendered":"http:\/\/globalnewsmexico.com\/sitio\/?p=42500"},"modified":"2020-01-20T13:46:34","modified_gmt":"2020-01-20T19:46:34","slug":"aumenta-el-numero-de-tomas-clandestinas-de-gas-lp-reconoce-lopez-obrador","status":"publish","type":"post","link":"https:\/\/globalnewsmexico.com\/sitio\/aumenta-el-numero-de-tomas-clandestinas-de-gas-lp-reconoce-lopez-obrador\/","title":{"rendered":"Aumenta el n\u00famero de tomas clandestinas de gas LP, reconoce L\u00f3pez Obrador"},"content":{"rendered":"<p>El presidente Andr\u00e9s Manuel L\u00f3pez Obrador reconoci\u00f3 que s\u00ed ha habido un aumento en el n\u00famero de tomas clandestinas de gas, aunque no as\u00ed con la gasolina.<\/p>\n<p>\u201cLo tenemos demostrado, comprobado, en el caso del gas, no as\u00ed en lo que tiene que ver con el robo de gasolinas; sin embargo vamos a verlo, yo quiero que se presente aqu\u00ed esa informaci\u00f3n, ver qu\u00e9 est\u00e1 sucediendo en el caso del n\u00famero de tomas clandestinas de gasolinas y lo del gas, los dos datos y s\u00ed en el caso del gas se increment\u00f3 el n\u00famero de tomas, sin embargo no el volumen de gas extra\u00eddo, robado\u201d, apunt\u00f3.<\/p>\n<p>El mandatario reiter\u00f3 que existe la hip\u00f3tesis a\u00fan no comprobada, de que estas pr\u00e1cticas las llevan a cabo los competidores de Pemex, para tratar de restarle operatividad a la empresa productiva del estado mexicano.<\/p>\n<p>Fuente: Notisistema<\/p>\n","protected":false},"excerpt":{"rendered":"<p>El presidente Andr\u00e9s Manuel L\u00f3pez Obrador reconoci\u00f3 que s\u00ed ha habido un aumento en el n\u00famero de tomas clandestinas de gas, aunque no as\u00ed con la gasolina. \u201cLo tenemos demostrado, comprobado, en el caso del gas, no as\u00ed en lo que tiene que ver con el robo de gasolinas; sin embargo vamos a verlo, yo<a class=\"read-more\" href=\"https:\/\/globalnewsmexico.com\/sitio\/aumenta-el-numero-de-tomas-clandestinas-de-gas-lp-reconoce-lopez-obrador\/\">Leer m\u00e1s<\/a><\/p>\n","protected":false},"author":5,"featured_media":42501,"comment_status":"closed","ping_status":"open","sticky":false,"template":"","format":"standard","meta":{"spay_email":"","footnotes":""},"categories":[37,8,40,52],"tags":[],"jetpack_featured_media_url":"https:\/\/i0.wp.com\/globalnewsmexico.com\/sitio\/wp-content\/uploads\/2020\/01\/Amlo-1-610x389.jpg?fit=1040%2C663&ssl=1","jetpack_sharing_enabled":true,"jetpack_shortlink":"https:\/\/wp.me\/p9yqPL-b3u","jetpack_likes_enabled":true,"_links":{"self":[{"href":"https:\/\/globalnewsmexico.com\/sitio\/wp-json\/wp\/v2\/posts\/42500"}],"collection":[{"href":"https:\/\/globalnewsmexico.com\/sitio\/wp-json\/wp\/v2\/posts"}],"about":[{"href":"https:\/\/globalnewsmexico.com\/sitio\/wp-json\/wp\/v2\/types\/post"}],"author":[{"embeddable":true,"href":"https:\/\/globalnewsmexico.com\/sitio\/wp-json\/wp\/v2\/users\/5"}],"replies":[{"embeddable":true,"href":"https:\/\/globalnewsmexico.com\/sitio\/wp-json\/wp\/v2\/comments?post=42500"}],"version-history":[{"count":0,"href":"https:\/\/globalnewsmexico.com\/sitio\/wp-json\/wp\/v2\/posts\/42500\/revisions"}],"wp:featuredmedia":[{"embeddable":true,"href":"https:\/\/globalnewsmexico.com\/sitio\/wp-json\/wp\/v2\/media\/42501"}],"wp:attachment":[{"href":"https:\/\/globalnewsmexico.com\/sitio\/wp-json\/wp\/v2\/media?parent=42500"}],"wp:term":[{"taxonomy":"category","embeddable":true,"href":"https:\/\/globalnewsmexico.com\/sitio\/wp-json\/wp\/v2\/categories?post=42500"},{"taxonomy":"post_tag","embeddable":true,"href":"https:\/\/globalnewsmexico.com\/sitio\/wp-json\/wp\/v2\/tags?post=42500"}],"curies":[{"name":"wp","href":"https:\/\/api.w.org\/{rel}","templated":true}]}}