{"id":42511,"date":"2020-01-20T14:44:53","date_gmt":"2020-01-20T20:44:53","guid":{"rendered":"http:\/\/globalnewsmexico.com\/sitio\/?p=42511"},"modified":"2020-01-20T14:44:53","modified_gmt":"2020-01-20T20:44:53","slug":"padre-y-abuela-del-tirador-del-colegio-cervantes-continuan-desaparecidos","status":"publish","type":"post","link":"https:\/\/globalnewsmexico.com\/sitio\/padre-y-abuela-del-tirador-del-colegio-cervantes-continuan-desaparecidos\/","title":{"rendered":"Padre y abuela del tirador del Colegio Cervantes, contin\u00faan desaparecidos"},"content":{"rendered":"<p>A\u00fan no han sido localizados el padre y la abuela de Jos\u00e9 \u00c1ngel, ni\u00f1o que realiz\u00f3 un tiroteo dentro del Colegio Cervantes en Torre\u00f3n, el pasado 10 de enero, inform\u00f3 el fiscal general de Coahuila, Gerardo M\u00e1rquez Guevara.<\/p>\n<p>Las autoridades buscan a ambos familiares del menor, en particular a su padre, por la balacera perpetrada por el estudiante. Mientras son localizados, se investigar\u00e1 el entorno del ni\u00f1o, ya que no se trata de imputar el delito a alguien en particular, se\u00f1al\u00f3 M\u00e1rquez Guevara.<\/p>\n<p>Por otra parte, un juez de control concedi\u00f3 la vinculaci\u00f3n a proceso de Jos\u00e9 \u00c1ngel &#8216;N&#8217;, abuelo del estudiante que asesin\u00f3 a una maestra y despu\u00e9s se suicid\u00f3. Autoridades ministeriales declararon que la investigaci\u00f3n seguir\u00e1 bajo el delito de de homicidio doloso en la calificativa de comisi\u00f3n por omisi\u00f3n.<\/p>\n<p>El juez acept\u00f3 las pruebas que ofreci\u00f3 el Agente del Ministerio P\u00fablico para dictarle prisi\u00f3n preventiva oficiosa, y consider\u00f3 cuatro meses para complementar la indagaci\u00f3n.<\/p>\n<p>Fuente: Radio F\u00f3rmula<\/p>\n","protected":false},"excerpt":{"rendered":"<p>A\u00fan no han sido localizados el padre y la abuela de Jos\u00e9 \u00c1ngel, ni\u00f1o que realiz\u00f3 un tiroteo dentro del Colegio Cervantes en Torre\u00f3n, el pasado 10 de enero, inform\u00f3 el fiscal general de Coahuila, Gerardo M\u00e1rquez Guevara. Las autoridades buscan a ambos familiares del menor, en particular a su padre, por la balacera perpetrada<a class=\"read-more\" href=\"https:\/\/globalnewsmexico.com\/sitio\/padre-y-abuela-del-tirador-del-colegio-cervantes-continuan-desaparecidos\/\">Leer m\u00e1s<\/a><\/p>\n","protected":false},"author":5,"featured_media":42512,"comment_status":"closed","ping_status":"open","sticky":false,"template":"","format":"standard","meta":{"spay_email":"","footnotes":""},"categories":[37,8,49,52],"tags":[],"jetpack_featured_media_url":"https:\/\/i1.wp.com\/globalnewsmexico.com\/sitio\/wp-content\/uploads\/2020\/01\/padre_abuela.jpg?fit=1040%2C551&ssl=1","jetpack_sharing_enabled":true,"jetpack_shortlink":"https:\/\/wp.me\/p9yqPL-b3F","jetpack_likes_enabled":true,"_links":{"self":[{"href":"https:\/\/globalnewsmexico.com\/sitio\/wp-json\/wp\/v2\/posts\/42511"}],"collection":[{"href":"https:\/\/globalnewsmexico.com\/sitio\/wp-json\/wp\/v2\/posts"}],"about":[{"href":"https:\/\/globalnewsmexico.com\/sitio\/wp-json\/wp\/v2\/types\/post"}],"author":[{"embeddable":true,"href":"https:\/\/globalnewsmexico.com\/sitio\/wp-json\/wp\/v2\/users\/5"}],"replies":[{"embeddable":true,"href":"https:\/\/globalnewsmexico.com\/sitio\/wp-json\/wp\/v2\/comments?post=42511"}],"version-history":[{"count":0,"href":"https:\/\/globalnewsmexico.com\/sitio\/wp-json\/wp\/v2\/posts\/42511\/revisions"}],"wp:featuredmedia":[{"embeddable":true,"href":"https:\/\/globalnewsmexico.com\/sitio\/wp-json\/wp\/v2\/media\/42512"}],"wp:attachment":[{"href":"https:\/\/globalnewsmexico.com\/sitio\/wp-json\/wp\/v2\/media?parent=42511"}],"wp:term":[{"taxonomy":"category","embeddable":true,"href":"https:\/\/globalnewsmexico.com\/sitio\/wp-json\/wp\/v2\/categories?post=42511"},{"taxonomy":"post_tag","embeddable":true,"href":"https:\/\/globalnewsmexico.com\/sitio\/wp-json\/wp\/v2\/tags?post=42511"}],"curies":[{"name":"wp","href":"https:\/\/api.w.org\/{rel}","templated":true}]}}