{"id":42549,"date":"2020-01-21T12:46:51","date_gmt":"2020-01-21T18:46:51","guid":{"rendered":"http:\/\/globalnewsmexico.com\/sitio\/?p=42549"},"modified":"2020-01-21T12:47:11","modified_gmt":"2020-01-21T18:47:11","slug":"enfrentamiento-en-toluca-deja-dos-muertos","status":"publish","type":"post","link":"https:\/\/globalnewsmexico.com\/sitio\/enfrentamiento-en-toluca-deja-dos-muertos\/","title":{"rendered":"Enfrentamiento en Toluca deja dos muertos"},"content":{"rendered":"<p>Un polic\u00eda de investigaci\u00f3n de la Fiscal\u00eda General de Justicia del Estado de M\u00e9xico y un presunto agresor, murieron tras un enfrentamiento a balazos en la comunidad de San Pablo Autopan, en el norte de Toluca.<\/p>\n<p>De acuerdo con los primeros reportes, el enfrentamiento ocurri\u00f3 en el poblado de Real de San Pablo, cuando el elemento perteneciente a la Fiscal\u00eda de Robo de Veh\u00edculos en el Valle de Toluca se dispon\u00eda a llevar a cabo una detenci\u00f3n en la zona; sin embargo, un hombre abri\u00f3 fuego contra \u00e9l, por lo que el polic\u00eda repeli\u00f3 la agresi\u00f3n.<\/p>\n<p>El presunto delincuente muri\u00f3 en el lugar y posteriormente, el oficial falleci\u00f3 mientras era atendido tras sufrir heridas.<\/p>\n<p>El polic\u00eda fue identificado como Abraham &#8216;N&#8217;, de 32 a\u00f1os, quien llevaba m\u00e1s de cinco a\u00f1os de servicio en la Fiscal\u00eda del Estado.<\/p>\n<p>De acuerdo con un comunicado emitido por la instituci\u00f3n, el agresor era investigado por tener presuntos v\u00ednculos con la delincuencia organizada, extorsiones y homicidios en el Valle de Toluca y otras entidades.<\/p>\n<p>Fuente: Milenio<\/p>\n","protected":false},"excerpt":{"rendered":"<p>Un polic\u00eda de investigaci\u00f3n de la Fiscal\u00eda General de Justicia del Estado de M\u00e9xico y un presunto agresor, murieron tras un enfrentamiento a balazos en la comunidad de San Pablo Autopan, en el norte de Toluca. De acuerdo con los primeros reportes, el enfrentamiento ocurri\u00f3 en el poblado de Real de San Pablo, cuando el<a class=\"read-more\" href=\"https:\/\/globalnewsmexico.com\/sitio\/enfrentamiento-en-toluca-deja-dos-muertos\/\">Leer m\u00e1s<\/a><\/p>\n","protected":false},"author":5,"featured_media":42550,"comment_status":"closed","ping_status":"open","sticky":false,"template":"","format":"standard","meta":{"spay_email":"","footnotes":""},"categories":[37,8,49,52],"tags":[],"jetpack_featured_media_url":"https:\/\/i0.wp.com\/globalnewsmexico.com\/sitio\/wp-content\/uploads\/2020\/01\/la-zona-fue-acordonada-por-6_0_61_958_596.jpg?fit=1040%2C647&ssl=1","jetpack_sharing_enabled":true,"jetpack_shortlink":"https:\/\/wp.me\/p9yqPL-b4h","jetpack_likes_enabled":true,"_links":{"self":[{"href":"https:\/\/globalnewsmexico.com\/sitio\/wp-json\/wp\/v2\/posts\/42549"}],"collection":[{"href":"https:\/\/globalnewsmexico.com\/sitio\/wp-json\/wp\/v2\/posts"}],"about":[{"href":"https:\/\/globalnewsmexico.com\/sitio\/wp-json\/wp\/v2\/types\/post"}],"author":[{"embeddable":true,"href":"https:\/\/globalnewsmexico.com\/sitio\/wp-json\/wp\/v2\/users\/5"}],"replies":[{"embeddable":true,"href":"https:\/\/globalnewsmexico.com\/sitio\/wp-json\/wp\/v2\/comments?post=42549"}],"version-history":[{"count":0,"href":"https:\/\/globalnewsmexico.com\/sitio\/wp-json\/wp\/v2\/posts\/42549\/revisions"}],"wp:featuredmedia":[{"embeddable":true,"href":"https:\/\/globalnewsmexico.com\/sitio\/wp-json\/wp\/v2\/media\/42550"}],"wp:attachment":[{"href":"https:\/\/globalnewsmexico.com\/sitio\/wp-json\/wp\/v2\/media?parent=42549"}],"wp:term":[{"taxonomy":"category","embeddable":true,"href":"https:\/\/globalnewsmexico.com\/sitio\/wp-json\/wp\/v2\/categories?post=42549"},{"taxonomy":"post_tag","embeddable":true,"href":"https:\/\/globalnewsmexico.com\/sitio\/wp-json\/wp\/v2\/tags?post=42549"}],"curies":[{"name":"wp","href":"https:\/\/api.w.org\/{rel}","templated":true}]}}