{"id":42565,"date":"2020-01-21T14:22:41","date_gmt":"2020-01-21T20:22:41","guid":{"rendered":"http:\/\/globalnewsmexico.com\/sitio\/?p=42565"},"modified":"2020-01-21T14:22:41","modified_gmt":"2020-01-21T20:22:41","slug":"veracruz-foco-rojo-en-secuestros-y-feminicidios-semaforo-delictivo","status":"publish","type":"post","link":"https:\/\/globalnewsmexico.com\/sitio\/veracruz-foco-rojo-en-secuestros-y-feminicidios-semaforo-delictivo\/","title":{"rendered":"Veracruz, foco rojo en secuestros y feminicidios: Sem\u00e1foro Delictivo"},"content":{"rendered":"<p>En 2019, el estado de Veracruz registr\u00f3 una importante alza en secuestros y feminicidios, por lo que tiene un foco rojo en estos dos delitos, se\u00f1al\u00f3 la organizaci\u00f3n Sem\u00e1foro Delictivo.<\/p>\n<p>De acuerdo con Santiago Roel, director general de la plataforma que mide la inseguridad en el pa\u00eds, en el caso del secuestro, en el transcurso del 2019 se increment\u00f3 en un 70 por ciento en comparaci\u00f3n con el a\u00f1o anterior (2018), y en un 90 por ciento con respecto a su media hist\u00f3rica, \u00abmuy en alto, muy en rojo\u00bb.<\/p>\n<p>Hizo un llamado a las autoridades estatales a tener \u00abcuidado\u00bb, porque ese porcentaje demuestra que la Unidad Especializada en el Combate al Secuestro de la Fiscal\u00eda General del Estado (FGE) no est\u00e1 funcionando.<\/p>\n<p>Xalapa es el municipio con mayor incidencia; le siguen C\u00f3rdoba, Fort\u00edn de las Flores, Mart\u00ednez de la Torre, Poza Rica y Amatl\u00e1n de los Reyes, indic\u00f3 el especialista en temas de seguridad nacional.<\/p>\n<p>Por tasa poblacional, Fort\u00edn de las Flores es el lugar con m\u00e1s secuestros en Veracruz, seguido de Mart\u00ednez de la Torre, Acayucan, Orizaba, C\u00f3rdoba, Cosoleacaque, Tihuatl\u00e1n, Coatepec y Las Choapas.<\/p>\n<p>\u00abLa tasa nacional de secuestros es de alrededor de 1.1 por cada 100 mil habitantes, Veracruz tiene 3.9, es decir, m\u00e1s de tres veces la incidencia a nivel nacional; y Fort\u00edn de las Flores tiene 23, es una barbaridad\u00bb, apunt\u00f3.<\/p>\n<p>Fuente: Xeu Noticias<\/p>\n","protected":false},"excerpt":{"rendered":"<p>En 2019, el estado de Veracruz registr\u00f3 una importante alza en secuestros y feminicidios, por lo que tiene un foco rojo en estos dos delitos, se\u00f1al\u00f3 la organizaci\u00f3n Sem\u00e1foro Delictivo. De acuerdo con Santiago Roel, director general de la plataforma que mide la inseguridad en el pa\u00eds, en el caso del secuestro, en el transcurso<a class=\"read-more\" href=\"https:\/\/globalnewsmexico.com\/sitio\/veracruz-foco-rojo-en-secuestros-y-feminicidios-semaforo-delictivo\/\">Leer m\u00e1s<\/a><\/p>\n","protected":false},"author":5,"featured_media":42569,"comment_status":"closed","ping_status":"open","sticky":false,"template":"","format":"standard","meta":{"spay_email":"","footnotes":""},"categories":[37,8,39,52],"tags":[],"jetpack_featured_media_url":"https:\/\/i1.wp.com\/globalnewsmexico.com\/sitio\/wp-content\/uploads\/2020\/01\/e22dd5dabd1549131684_standard_desktop_medium_retina.jpg?fit=1040%2C585&ssl=1","jetpack_sharing_enabled":true,"jetpack_shortlink":"https:\/\/wp.me\/p9yqPL-b4x","jetpack_likes_enabled":true,"_links":{"self":[{"href":"https:\/\/globalnewsmexico.com\/sitio\/wp-json\/wp\/v2\/posts\/42565"}],"collection":[{"href":"https:\/\/globalnewsmexico.com\/sitio\/wp-json\/wp\/v2\/posts"}],"about":[{"href":"https:\/\/globalnewsmexico.com\/sitio\/wp-json\/wp\/v2\/types\/post"}],"author":[{"embeddable":true,"href":"https:\/\/globalnewsmexico.com\/sitio\/wp-json\/wp\/v2\/users\/5"}],"replies":[{"embeddable":true,"href":"https:\/\/globalnewsmexico.com\/sitio\/wp-json\/wp\/v2\/comments?post=42565"}],"version-history":[{"count":0,"href":"https:\/\/globalnewsmexico.com\/sitio\/wp-json\/wp\/v2\/posts\/42565\/revisions"}],"wp:featuredmedia":[{"embeddable":true,"href":"https:\/\/globalnewsmexico.com\/sitio\/wp-json\/wp\/v2\/media\/42569"}],"wp:attachment":[{"href":"https:\/\/globalnewsmexico.com\/sitio\/wp-json\/wp\/v2\/media?parent=42565"}],"wp:term":[{"taxonomy":"category","embeddable":true,"href":"https:\/\/globalnewsmexico.com\/sitio\/wp-json\/wp\/v2\/categories?post=42565"},{"taxonomy":"post_tag","embeddable":true,"href":"https:\/\/globalnewsmexico.com\/sitio\/wp-json\/wp\/v2\/tags?post=42565"}],"curies":[{"name":"wp","href":"https:\/\/api.w.org\/{rel}","templated":true}]}}