{"id":42570,"date":"2020-01-21T14:59:41","date_gmt":"2020-01-21T20:59:41","guid":{"rendered":"http:\/\/globalnewsmexico.com\/sitio\/?p=42570"},"modified":"2020-01-21T14:59:41","modified_gmt":"2020-01-21T20:59:41","slug":"manana-voy-a-matar-a-todos-amenaza-estudiante-a-companeros-en-cdmx","status":"publish","type":"post","link":"https:\/\/globalnewsmexico.com\/sitio\/manana-voy-a-matar-a-todos-amenaza-estudiante-a-companeros-en-cdmx\/","title":{"rendered":"\u201cMa\u00f1ana voy a matar a todos\u201d, amenaza estudiante a compa\u00f1eros en CDMX"},"content":{"rendered":"<p>Un joven de 13 a\u00f1os de edad amenaz\u00f3 con matar a todos los alumnos de la escuela Secundaria T\u00e9cnica 32, donde estudia, ubicada en la colonia Lindavista de la alcald\u00eda Gustavo A. Madero, en la Ciudad de M\u00e9xico.<\/p>\n<p>El informe de la Fiscal\u00eda General de Justicia de la Ciudad de M\u00e9xico revela que el adolescente public\u00f3 la amenaza desde su perfil de Facebook, por lo que iniciaron una investigaci\u00f3n.<\/p>\n<p>En la publicaci\u00f3n se pod\u00eda leer el mensaje: \u201cMa\u00f1ana voy a matar a todos los de la 32 empiezo con 3g y termino 1k (sic)\u00bb.<\/p>\n<p>Tras recibir una denuncia por la publicaci\u00f3n del menor de edad, las autoridades enviaron a un grupo de agentes de la PDI al plantel.<\/p>\n<p>Al parecer, el alumno ha tenido problemas dentro de la escuela, y es que en septiembre de 2019 levantaron un reporte contra \u00e9l por una pelea. Aunque reconoci\u00f3 que no existe otro s\u00edntoma de violencia, alteraci\u00f3n o mala conducta.<\/p>\n<p>Adem\u00e1s, otro joven se vio involucrado, debido a que junto al post de amenaza colocaron una fotograf\u00eda de \u00e9l. El menor asegur\u00f3 que no sab\u00eda de qu\u00e9 se trataba y que nunca pens\u00f3 en atacar a sus compa\u00f1eros.<\/p>\n<p>Los elementos polic\u00edacos buscaron a los padres de familia de los dos menores, notificaron lo que ocurr\u00eda y ofrecieron apoyo de personal de psicolog\u00eda y trabajo social de la Fiscal\u00eda. Al mismo tiempo, la directora del plantel, canaliz\u00f3 a los menores a servicio psicol\u00f3gico del plantel.<\/p>\n<p>Fuente: El Heraldo de M\u00e9xico<\/p>\n","protected":false},"excerpt":{"rendered":"<p>Un joven de 13 a\u00f1os de edad amenaz\u00f3 con matar a todos los alumnos de la escuela Secundaria T\u00e9cnica 32, donde estudia, ubicada en la colonia Lindavista de la alcald\u00eda Gustavo A. Madero, en la Ciudad de M\u00e9xico. El informe de la Fiscal\u00eda General de Justicia de la Ciudad de M\u00e9xico revela que el adolescente<a class=\"read-more\" href=\"https:\/\/globalnewsmexico.com\/sitio\/manana-voy-a-matar-a-todos-amenaza-estudiante-a-companeros-en-cdmx\/\">Leer m\u00e1s<\/a><\/p>\n","protected":false},"author":5,"featured_media":42571,"comment_status":"closed","ping_status":"open","sticky":false,"template":"","format":"standard","meta":{"spay_email":"","footnotes":""},"categories":[37,8,49,52],"tags":[],"jetpack_featured_media_url":"https:\/\/i1.wp.com\/globalnewsmexico.com\/sitio\/wp-content\/uploads\/2020\/01\/secundaria_amenaza_ataque-640x400.jpg?fit=1040%2C650&ssl=1","jetpack_sharing_enabled":true,"jetpack_shortlink":"https:\/\/wp.me\/p9yqPL-b4C","jetpack_likes_enabled":true,"_links":{"self":[{"href":"https:\/\/globalnewsmexico.com\/sitio\/wp-json\/wp\/v2\/posts\/42570"}],"collection":[{"href":"https:\/\/globalnewsmexico.com\/sitio\/wp-json\/wp\/v2\/posts"}],"about":[{"href":"https:\/\/globalnewsmexico.com\/sitio\/wp-json\/wp\/v2\/types\/post"}],"author":[{"embeddable":true,"href":"https:\/\/globalnewsmexico.com\/sitio\/wp-json\/wp\/v2\/users\/5"}],"replies":[{"embeddable":true,"href":"https:\/\/globalnewsmexico.com\/sitio\/wp-json\/wp\/v2\/comments?post=42570"}],"version-history":[{"count":0,"href":"https:\/\/globalnewsmexico.com\/sitio\/wp-json\/wp\/v2\/posts\/42570\/revisions"}],"wp:featuredmedia":[{"embeddable":true,"href":"https:\/\/globalnewsmexico.com\/sitio\/wp-json\/wp\/v2\/media\/42571"}],"wp:attachment":[{"href":"https:\/\/globalnewsmexico.com\/sitio\/wp-json\/wp\/v2\/media?parent=42570"}],"wp:term":[{"taxonomy":"category","embeddable":true,"href":"https:\/\/globalnewsmexico.com\/sitio\/wp-json\/wp\/v2\/categories?post=42570"},{"taxonomy":"post_tag","embeddable":true,"href":"https:\/\/globalnewsmexico.com\/sitio\/wp-json\/wp\/v2\/tags?post=42570"}],"curies":[{"name":"wp","href":"https:\/\/api.w.org\/{rel}","templated":true}]}}