{"id":42579,"date":"2020-01-21T15:40:13","date_gmt":"2020-01-21T21:40:13","guid":{"rendered":"http:\/\/globalnewsmexico.com\/sitio\/?p=42579"},"modified":"2020-01-21T15:40:13","modified_gmt":"2020-01-21T21:40:13","slug":"recibe-comision-de-procuracion-de-justicia-comparecencia-de-la-fge","status":"publish","type":"post","link":"https:\/\/globalnewsmexico.com\/sitio\/recibe-comision-de-procuracion-de-justicia-comparecencia-de-la-fge\/","title":{"rendered":"Recibe Comisi\u00f3n de Procuraci\u00f3n de Justicia comparecencia de la FGE"},"content":{"rendered":"<p>El diputado Jos\u00e9 Manuel Pozos Castro, la legisladora Mar\u00eda Josefina Gamboa Torales y el diputado Raymundo Andrade Rivera, presidente, secretaria y vocal, respectivamente, de la Comisi\u00f3n Permanente de Procuraci\u00f3n de Justicia de la LXV Legislatura, recibieron la comparecencia de la encargada de la Fiscal\u00eda General del Estado (FGE), Ver\u00f3nica Hern\u00e1ndez Giad\u00e1ns, sobre el estado que guardan los asuntos que son competencia de este organismo aut\u00f3nomo durante el periodo septiembre-diciembre de 2019.<\/p>\n<p>En presencia de autoridades municipales, representantes de las fuerzas armadas, notarios, empresarios, abogados, representantes de la sociedad civil y medios de comunicaci\u00f3n, la funcionaria inform\u00f3 que, a su llegada a la Fiscal\u00eda, inici\u00f3 la revisi\u00f3n de todos los asuntos, la verificaci\u00f3n de los registros oficiales y la identificaci\u00f3n de rezagos.<\/p>\n<p>Durante 2019, se iniciaron 80 mil 326 carpetas de investigaci\u00f3n, de las cuales se encontraron aproximadamente 30 mil que no hab\u00edan sido ingresadas en las bases de datos e instrumentos oficiales. En cuatro meses, se logr\u00f3 abatir en 96 por ciento el rezago en el registro de la informaci\u00f3n y la judicializaci\u00f3n de tres mil 299 carpetas.<\/p>\n<p>Al cierre de ese mismo a\u00f1o \u2013prosigui\u00f3 Hern\u00e1ndez Giad\u00e1ns-, se contabiliz\u00f3 un total de 49 mil 729 expedientes y se estableci\u00f3 un seguimiento semanal de los detenidos que son llevados a control de detenci\u00f3n, para una mayor certeza de las vinculaciones a proceso.<\/p>\n<p>\u201cTambi\u00e9n encontramos diversos compromisos que no fueron atendidos a cabalidad con el Sistema Nacional de Seguridad P\u00fablica, principalmente en el registro de veh\u00edculos robados y recuperados, as\u00ed como en el de mandamientos judiciales, lo que origin\u00f3 que los resultados de las evaluaciones fueran negativos\u201d, agreg\u00f3.<\/p>\n<p>En relaci\u00f3n con los hallazgos en la gesti\u00f3n administrativa, se encontr\u00f3 un gasto excesivo en rentas de edificios para oficinas por un total anual de 33.6 millones de pesos (mdp), 3.8 mdp sin comprobar de fondo revolvente, pasivos por m\u00e1s de 251 mdp a favor de diversas instancias como SAR, IMSS, IPE, proveedores, contratistas, obra p\u00fablica, retenci\u00f3n y contribuci\u00f3n a pagar.<\/p>\n<p>Asimismo, excesiva dotaci\u00f3n de combustible a altos mandos hasta por 125 mil pesos mensuales; en personal de ayudant\u00eda asignada a altos mandos, hasta 45 elementos a su cuidado personal y de sus familias; sueldos en altos mandos de casi 300 mil pesos mensuales, personal que no cubre el perfil de puestos autorizados y otros que cobraban sin presentarse a laborar en \u00e1reas administrativas.<\/p>\n<p>En todos los casos, a\u00f1adi\u00f3 Ver\u00f3nica Hern\u00e1ndez, se dio vista y se puso del conocimiento a las instancias competentes para que inicien y den tr\u00e1mite a los procedimientos y denuncias a que haya lugar. Adem\u00e1s, se encontraron irregularidades como falta de controles internos de auditor\u00edas en recursos humanos, financieros y materiales, as\u00ed como proveedores y contratistas favorecidos sin pasar por el proceso de licitaci\u00f3n y asignaciones directas.<\/p>\n<p>A esto se a\u00f1ade deficiencia en obra p\u00fablica del 2018, obra de mala calidad por m\u00e1s de 316 mdp, por lo que, en coordinaci\u00f3n con el \u00d3rgano de Fiscalizaci\u00f3n Superior del Estado de Veracruz (Orfis) se realizan visitas a las obras para la determinaci\u00f3n de las observaciones correspondientes.<\/p>\n<p>En materia de los servicios periciales, los servicios m\u00e9dicos forenses se encontraban en condiciones deplorables ya que ning\u00fan semefo contaba con los requisitos m\u00ednimos para ser certificado.<\/p>\n<p>Respecto al proceso de evaluaci\u00f3n y control de confianza, prosigui\u00f3 la servidora p\u00fablica, 87 servidores p\u00fablicos no lo aprobaron, por lo que instruy\u00f3 a las \u00e1reas competentes iniciar los procedimientos correspondientes. <\/p>\n<p>Adem\u00e1s, se fortalecieron los protocolos del Centro de Evaluaci\u00f3n y Control de Confianza. Al 31 de diciembre de 2019, se excedi\u00f3 la meta programada y se tienen pendientes de evaluar s\u00f3lo a seis servidores p\u00fablicos.<\/p>\n<p>\u201cHabiendo encontrado una distribuci\u00f3n dolosa por cuanto hace a percepciones, manejo de combustibles y un manejo discrecional y con dispendio de los recursos p\u00fablicos, se instruy\u00f3 la reducci\u00f3n de sueldos excesivos y compensaciones para altos mandos, iniciando un proceso de dignificaci\u00f3n y homologaci\u00f3n en las percepciones del personal operativo\u201d, destac\u00f3.<\/p>\n<p>Tambi\u00e9n determin\u00f3 la distribuci\u00f3n de 400 plazas para el fortalecimiento de \u00e1reas operativas. Una vez agotados los requisitos formales para el concurso y reclutamiento del personal, se destinar\u00e1n 200 plazas a la polic\u00eda ministerial (incremento de 27.17 por ciento), 130 posiciones se canalizaron para la contrataci\u00f3n de fiscales (incremento del 26.4 por ciento).<\/p>\n<p>Se a\u00f1aden 30 para fortalecer los cuadros de los servicios periciales (incremento de 10.34 por ciento) y 40 se destinaron a fortalecer a la Unidad Especializada en Combate al Secuestro, a los que tambi\u00e9n se ha sumado el apoyo de 22 elementos de la Coordinaci\u00f3n Nacional Antisecuestro (Conase): un total de 164 elementos a partir de septiembre (incremento de 60.78 por ciento).<\/p>\n<p>Dijo tambi\u00e9n haber instruido a la Fiscal\u00eda Especializada para la Atenci\u00f3n de Denuncias por Personas Desaparecidas, una atenci\u00f3n inmediata, responsable y de respeto a todos colectivos que buscan justicia. Report\u00f3 la participaci\u00f3n en nueve operativos de b\u00fasqueda, asistencia en 19 reuniones con diversas autoridades estatales y federales y el nombramiento de seis nuevos fiscales.<\/p>\n<p>Adem\u00e1s del acceso a las carpetas de manera inmediata cuando as\u00ed lo solicitan y reuniones peri\u00f3dicas para su revisi\u00f3n, se han tenido 10 reuniones regionales con colectivos en Poza Rica, Coatzacoalcos, Veracruz, C\u00f3rdoba, Orizaba y Xalapa, se han realizado cuatro reuniones estatales con colectivos y el Gobernador del Estado, se les ha invitado a que conozcan las condiciones de los semefos y se da seguimiento a todos los casos de larga data.<\/p>\n<p>Desde septiembre, inici\u00f3 el estudio de cada una de las mil 155 carpetas que se encontraban en el sistema, que corresponden a mil 240 desaparecidos del a\u00f1o 2019. De acuerdo con la investigaci\u00f3n, al 31 de diciembre, 588 personas ya hab\u00edan sido localizadas, quedando 652 personas por localizar.<\/p>\n<p>De igual manera, en la Fiscal\u00eda Coordinadora Especializada en Investigaci\u00f3n de Delitos de Violencia contra la Familia, Mujeres, Ni\u00f1as y Ni\u00f1os y de Trata de Personas y a la luz de las alertas de violencia de g\u00e9nero emitidas al estado de Veracruz, se activaron 68 c\u00e9dulas de Alerta Amber, se logr\u00f3 recuperar a 54 ni\u00f1as, ni\u00f1os y adolescentes y se solicitaron cuatro colaboraciones con Alerta Amber M\u00e9xico.<\/p>\n<p>Destac\u00f3 tambi\u00e9n la puesta en marcha, el pasado 25 de noviembre, del Centro de Justicia para las Mujeres del Estado de Veracruz.<\/p>\n<p>Como resultado de la aplicaci\u00f3n del protocolo para la clasificaci\u00f3n del delito de feminicidio, de un total de 142 carpetas de investigaci\u00f3n iniciadas, se hizo una reclasificaci\u00f3n exhaustiva resultando \u00fanicamente 100 carpetas de feminicidio. Las restantes derivaron en homicidios, muertes no delictivas, suicidio y muerte por omisi\u00f3n de cuidado, entre otros.<\/p>\n<p>En cuanto a la atenci\u00f3n a los pueblos originarios, dijo que la Fiscal\u00eda Coordinadora Especializada en Asuntos Ind\u00edgenas y Derechos Humanos increment\u00f3 en 28 por ciento las visitas itinerantes en Huayacocotla, Chicontepec, Tantoyuca, Papantla, Orizaba, Zongolica, Hueyapan de Ocampo y Uxpanapa, y se atendi\u00f3 las 309 quejas de la Comisi\u00f3n Estatal de Derechos Humanos.<\/p>\n<p>De la actividad de la polic\u00eda ministerial, detall\u00f3 que en este a\u00f1o se cumplimentaron casi tres mil mandamientos judiciales relativos a \u00f3rdenes de aprehensi\u00f3n, reaprehensi\u00f3n y comparecencia y que, de septiembre a diciembre, se ejecut\u00f3 en promedio mensual 20 por ciento m\u00e1s que lo trabajado en el periodo de enero-agosto.<\/p>\n<p>Para atender de manera frontal a uno de los delitos de mayor impacto social, se conform\u00f3 la Coordinaci\u00f3n Estatal de Homicidios.<\/p>\n<p>En la Unidad Especializada en Combate al Secuestro, durante el periodo que se reporta, se registraron 298 casos y se logr\u00f3 la detenci\u00f3n de 147 presuntos culpables, la desarticulaci\u00f3n de 22 bandas delictivas, el cumplimiento de 37 \u00f3rdenes de aprehensi\u00f3n y la obtenci\u00f3n de 56 sentencias condenatorias.<\/p>\n<p>Asegur\u00f3 que \u201cen tan s\u00f3lo cuatro meses y luego de un intenso trabajo, de un alto compromiso y con el apoyo irrestricto de mujeres y hombres profesionales, comprometidos, con vocaci\u00f3n y honestidad, hemos puesto a la Fiscal\u00eda General del Estado al servicio de la poblaci\u00f3n veracruzana\u201d.<\/p>\n<p>Ver\u00f3nica Hern\u00e1ndez Giad\u00e1ns concluy\u00f3 su comparecencia aseverando que la autonom\u00eda de la FGE \u201cno se excluye de la coordinaci\u00f3n con todos los \u00f3rdenes y niveles de gobierno, pero sobre todo con la sociedad civil. Coordinaci\u00f3n no es subordinaci\u00f3n, sino identidad en principios, estrategias y compromisos. En el Veracruz de hoy, se hace cumplir la ley y quien delinque es castigado sin distingos\u201d.<\/p>\n","protected":false},"excerpt":{"rendered":"<p>El diputado Jos\u00e9 Manuel Pozos Castro, la legisladora Mar\u00eda Josefina Gamboa Torales y el diputado Raymundo Andrade Rivera, presidente, secretaria y vocal, respectivamente, de la Comisi\u00f3n Permanente de Procuraci\u00f3n de Justicia de la LXV Legislatura, recibieron la comparecencia de la encargada de la Fiscal\u00eda General del Estado (FGE), Ver\u00f3nica Hern\u00e1ndez Giad\u00e1ns, sobre el estado que<a class=\"read-more\" href=\"https:\/\/globalnewsmexico.com\/sitio\/recibe-comision-de-procuracion-de-justicia-comparecencia-de-la-fge\/\">Leer m\u00e1s<\/a><\/p>\n","protected":false},"author":5,"featured_media":42580,"comment_status":"closed","ping_status":"open","sticky":false,"template":"","format":"standard","meta":{"spay_email":"","footnotes":""},"categories":[37,8,50,52],"tags":[],"jetpack_featured_media_url":"https:\/\/i2.wp.com\/globalnewsmexico.com\/sitio\/wp-content\/uploads\/2020\/01\/91e1984d-b80b-460a-9bff-a04ddd4086c1.jpg?fit=1040%2C693&ssl=1","jetpack_sharing_enabled":true,"jetpack_shortlink":"https:\/\/wp.me\/p9yqPL-b4L","jetpack_likes_enabled":true,"_links":{"self":[{"href":"https:\/\/globalnewsmexico.com\/sitio\/wp-json\/wp\/v2\/posts\/42579"}],"collection":[{"href":"https:\/\/globalnewsmexico.com\/sitio\/wp-json\/wp\/v2\/posts"}],"about":[{"href":"https:\/\/globalnewsmexico.com\/sitio\/wp-json\/wp\/v2\/types\/post"}],"author":[{"embeddable":true,"href":"https:\/\/globalnewsmexico.com\/sitio\/wp-json\/wp\/v2\/users\/5"}],"replies":[{"embeddable":true,"href":"https:\/\/globalnewsmexico.com\/sitio\/wp-json\/wp\/v2\/comments?post=42579"}],"version-history":[{"count":0,"href":"https:\/\/globalnewsmexico.com\/sitio\/wp-json\/wp\/v2\/posts\/42579\/revisions"}],"wp:featuredmedia":[{"embeddable":true,"href":"https:\/\/globalnewsmexico.com\/sitio\/wp-json\/wp\/v2\/media\/42580"}],"wp:attachment":[{"href":"https:\/\/globalnewsmexico.com\/sitio\/wp-json\/wp\/v2\/media?parent=42579"}],"wp:term":[{"taxonomy":"category","embeddable":true,"href":"https:\/\/globalnewsmexico.com\/sitio\/wp-json\/wp\/v2\/categories?post=42579"},{"taxonomy":"post_tag","embeddable":true,"href":"https:\/\/globalnewsmexico.com\/sitio\/wp-json\/wp\/v2\/tags?post=42579"}],"curies":[{"name":"wp","href":"https:\/\/api.w.org\/{rel}","templated":true}]}}