{"id":42597,"date":"2020-01-22T11:26:55","date_gmt":"2020-01-22T17:26:55","guid":{"rendered":"http:\/\/globalnewsmexico.com\/sitio\/?p=42597"},"modified":"2020-01-22T11:26:55","modified_gmt":"2020-01-22T17:26:55","slug":"uif-impugna-amparo-otorgado-a-javier-duarte","status":"publish","type":"post","link":"https:\/\/globalnewsmexico.com\/sitio\/uif-impugna-amparo-otorgado-a-javier-duarte\/","title":{"rendered":"UIF impugna amparo otorgado a Javier Duarte"},"content":{"rendered":"<p>La Unidad de Inteligencia Financiera (UIF) de la Secretar\u00eda de Hacienda, impugn\u00f3 un amparo que permiti\u00f3 al exgobernador de Veracruz actualmente preso, Javier Duarte, apelar una condena de nueve a\u00f1os de prisi\u00f3n que le fue impuesta por lavado de dinero y asociaci\u00f3n delictuosa.<\/p>\n<p>De acuerdo con una publicaci\u00f3n del diario Reforma, present\u00f3 un recurso de revisi\u00f3n contra ese amparo y pidi\u00f3 que este sea resuelto por la Suprema Corte de Justicia de la Naci\u00f3n, seg\u00fan los acuerdos publicados en lista.<\/p>\n<p>Mientras que el Primer Tribunal Colegiado Penal en la Ciudad de M\u00e9xico, que concedi\u00f3 la protecci\u00f3n de la justicia al exmandatario veracruzano, ya envi\u00f3 las constancias a la Suprema Corte y advirti\u00f3 que el asunto no reviste ning\u00fan tema de constitucionalidad, como para ser resuelto en esa \u00faltima instancia.<\/p>\n<p>La Suprema Corte analizar\u00e1 el recurso de la Unidad de Inteligencia Financiera y, de haber alg\u00fan aspecto relacionado con la constitucionalidad de una norma, admitir\u00e1 la revisi\u00f3n; de lo contrario, la impugnaci\u00f3n ser\u00e1 desechada.<\/p>\n<p>Fuente: Reforma<\/p>\n","protected":false},"excerpt":{"rendered":"<p>La Unidad de Inteligencia Financiera (UIF) de la Secretar\u00eda de Hacienda, impugn\u00f3 un amparo que permiti\u00f3 al exgobernador de Veracruz actualmente preso, Javier Duarte, apelar una condena de nueve a\u00f1os de prisi\u00f3n que le fue impuesta por lavado de dinero y asociaci\u00f3n delictuosa. De acuerdo con una publicaci\u00f3n del diario Reforma, present\u00f3 un recurso de<a class=\"read-more\" href=\"https:\/\/globalnewsmexico.com\/sitio\/uif-impugna-amparo-otorgado-a-javier-duarte\/\">Leer m\u00e1s<\/a><\/p>\n","protected":false},"author":5,"featured_media":42598,"comment_status":"closed","ping_status":"open","sticky":false,"template":"","format":"standard","meta":{"spay_email":"","footnotes":""},"categories":[37,8,39,52],"tags":[],"jetpack_featured_media_url":"https:\/\/i1.wp.com\/globalnewsmexico.com\/sitio\/wp-content\/uploads\/2020\/01\/javidu.jpg?fit=1040%2C693&ssl=1","jetpack_sharing_enabled":true,"jetpack_shortlink":"https:\/\/wp.me\/p9yqPL-b53","jetpack_likes_enabled":true,"_links":{"self":[{"href":"https:\/\/globalnewsmexico.com\/sitio\/wp-json\/wp\/v2\/posts\/42597"}],"collection":[{"href":"https:\/\/globalnewsmexico.com\/sitio\/wp-json\/wp\/v2\/posts"}],"about":[{"href":"https:\/\/globalnewsmexico.com\/sitio\/wp-json\/wp\/v2\/types\/post"}],"author":[{"embeddable":true,"href":"https:\/\/globalnewsmexico.com\/sitio\/wp-json\/wp\/v2\/users\/5"}],"replies":[{"embeddable":true,"href":"https:\/\/globalnewsmexico.com\/sitio\/wp-json\/wp\/v2\/comments?post=42597"}],"version-history":[{"count":0,"href":"https:\/\/globalnewsmexico.com\/sitio\/wp-json\/wp\/v2\/posts\/42597\/revisions"}],"wp:featuredmedia":[{"embeddable":true,"href":"https:\/\/globalnewsmexico.com\/sitio\/wp-json\/wp\/v2\/media\/42598"}],"wp:attachment":[{"href":"https:\/\/globalnewsmexico.com\/sitio\/wp-json\/wp\/v2\/media?parent=42597"}],"wp:term":[{"taxonomy":"category","embeddable":true,"href":"https:\/\/globalnewsmexico.com\/sitio\/wp-json\/wp\/v2\/categories?post=42597"},{"taxonomy":"post_tag","embeddable":true,"href":"https:\/\/globalnewsmexico.com\/sitio\/wp-json\/wp\/v2\/tags?post=42597"}],"curies":[{"name":"wp","href":"https:\/\/api.w.org\/{rel}","templated":true}]}}