{"id":42718,"date":"2020-01-24T13:04:04","date_gmt":"2020-01-24T19:04:04","guid":{"rendered":"http:\/\/globalnewsmexico.com\/sitio\/?p=42718"},"modified":"2020-01-24T13:04:04","modified_gmt":"2020-01-24T19:04:04","slug":"inicia-segunda-jornada-de-caminata-por-la-verdad-justicia-y-paz-en-cuernavaca","status":"publish","type":"post","link":"https:\/\/globalnewsmexico.com\/sitio\/inicia-segunda-jornada-de-caminata-por-la-verdad-justicia-y-paz-en-cuernavaca\/","title":{"rendered":"Inicia segunda jornada de Caminata por la Verdad, Justicia y Paz en Cuernavaca"},"content":{"rendered":"<p>La segunda jornada de la Caminata por la Verdad, Justicia y Paz, convocada por el poeta Javier Sicilia en protesta contra la inseguridad, inici\u00f3 en la comunidad de Ocotepec, en Cuernavaca, Morelos.<\/p>\n<p>La marcha parti\u00f3 en autobuses desde el Seminario Mayor Conciliar, y se prev\u00e9 que esta tarde llegue a la Ciudad de M\u00e9xico.<\/p>\n<p>Los colectivos de familiares de desaparecidos y activistas llegar\u00e1n al poblado de Coajomulco, municipio de Huitzilac, a la altura de Tres Mar\u00edas para caminar hasta el \u00faltimo retorno de la autopista M\u00e9xico-Cuernavaca, con direcci\u00f3n a la capital.<\/p>\n<p>El trayecto de la autopista a 500 metros antes de la caseta de peaje Tlalpan, ser\u00e1 en autob\u00fas, debido a la peligrosidad de ese tramo.<\/p>\n<p>Posteriormente, se reanudar\u00e1 la caminata de la caseta de Tlalpan hasta San Pedro M\u00e1rtir, donde abordar\u00e1n autobuses rumbo a diversos puntos para pasar la noche.<\/p>\n<p>Fuente: Milenio<\/p>\n","protected":false},"excerpt":{"rendered":"<p>La segunda jornada de la Caminata por la Verdad, Justicia y Paz, convocada por el poeta Javier Sicilia en protesta contra la inseguridad, inici\u00f3 en la comunidad de Ocotepec, en Cuernavaca, Morelos. La marcha parti\u00f3 en autobuses desde el Seminario Mayor Conciliar, y se prev\u00e9 que esta tarde llegue a la Ciudad de M\u00e9xico. Los<a class=\"read-more\" href=\"https:\/\/globalnewsmexico.com\/sitio\/inicia-segunda-jornada-de-caminata-por-la-verdad-justicia-y-paz-en-cuernavaca\/\">Leer m\u00e1s<\/a><\/p>\n","protected":false},"author":5,"featured_media":42719,"comment_status":"closed","ping_status":"open","sticky":false,"template":"","format":"standard","meta":{"spay_email":"","footnotes":""},"categories":[37,8,49,52],"tags":[],"jetpack_featured_media_url":"https:\/\/i1.wp.com\/globalnewsmexico.com\/sitio\/wp-content\/uploads\/2020\/01\/inicia-jornada-caminata-paz-justicia_0_0_958_596.jpg?fit=1040%2C647&ssl=1","jetpack_sharing_enabled":true,"jetpack_shortlink":"https:\/\/wp.me\/p9yqPL-b70","jetpack_likes_enabled":true,"_links":{"self":[{"href":"https:\/\/globalnewsmexico.com\/sitio\/wp-json\/wp\/v2\/posts\/42718"}],"collection":[{"href":"https:\/\/globalnewsmexico.com\/sitio\/wp-json\/wp\/v2\/posts"}],"about":[{"href":"https:\/\/globalnewsmexico.com\/sitio\/wp-json\/wp\/v2\/types\/post"}],"author":[{"embeddable":true,"href":"https:\/\/globalnewsmexico.com\/sitio\/wp-json\/wp\/v2\/users\/5"}],"replies":[{"embeddable":true,"href":"https:\/\/globalnewsmexico.com\/sitio\/wp-json\/wp\/v2\/comments?post=42718"}],"version-history":[{"count":0,"href":"https:\/\/globalnewsmexico.com\/sitio\/wp-json\/wp\/v2\/posts\/42718\/revisions"}],"wp:featuredmedia":[{"embeddable":true,"href":"https:\/\/globalnewsmexico.com\/sitio\/wp-json\/wp\/v2\/media\/42719"}],"wp:attachment":[{"href":"https:\/\/globalnewsmexico.com\/sitio\/wp-json\/wp\/v2\/media?parent=42718"}],"wp:term":[{"taxonomy":"category","embeddable":true,"href":"https:\/\/globalnewsmexico.com\/sitio\/wp-json\/wp\/v2\/categories?post=42718"},{"taxonomy":"post_tag","embeddable":true,"href":"https:\/\/globalnewsmexico.com\/sitio\/wp-json\/wp\/v2\/tags?post=42718"}],"curies":[{"name":"wp","href":"https:\/\/api.w.org\/{rel}","templated":true}]}}