{"id":42734,"date":"2020-01-24T14:02:16","date_gmt":"2020-01-24T20:02:16","guid":{"rendered":"http:\/\/globalnewsmexico.com\/sitio\/?p=42734"},"modified":"2020-01-24T14:02:16","modified_gmt":"2020-01-24T20:02:16","slug":"bolivia-rompe-relaciones-diplomaticas-con-cuba","status":"publish","type":"post","link":"https:\/\/globalnewsmexico.com\/sitio\/bolivia-rompe-relaciones-diplomaticas-con-cuba\/","title":{"rendered":"Bolivia rompe relaciones diplom\u00e1ticas con Cuba"},"content":{"rendered":"<p>El Gobierno de Bolivia anunci\u00f3 hoy la suspensi\u00f3n de relaciones diplom\u00e1ticas con Cuba, debido a los \u00abconstantes agravios\u00bb de ese pa\u00eds al proceso democr\u00e1tico boliviano, declar\u00f3 en conferencia de prensa el canciller Yerko N\u00fa\u00f1ez.<\/p>\n<p>\u201cHemos tomado la decisi\u00f3n de suspender las relaciones diplom\u00e1ticas con la Rep\u00fablica de Cuba; esta determinaci\u00f3n obedece a las declaraciones recientes e inadmisibles expresiones del canciller Bruno Rodr\u00edguez Parrilla\u00bb, enfatiz\u00f3 N\u00fa\u00f1ez.<\/p>\n<p>El jefe de la diplomacia boliviana destac\u00f3 que la suspensi\u00f3n a partir de esta fecha en las relaciones bilaterales, tambi\u00e9n se debe a \u00abla permanente hostilidad y constantes agravios de Cuba contra el Gobierno Constitucional Boliviano y su proceso democr\u00e1tico\u201d.<\/p>\n<p>Agreg\u00f3 que el gobierno de la isla caribe\u00f1a de manera sistem\u00e1tica ha afectado las relaciones bilaterales basadas en el respeto mutuo, los principios de no injerencia en asuntos internos, autodeterminaci\u00f3n de los pueblos y la igualdad soberana de los Estados, seg\u00fan report\u00f3 el diario P\u00e1gina Siete.<\/p>\n<p>N\u00fa\u00f1ez mostr\u00f3 la publicaci\u00f3n en Twitter de Rodr\u00edguez, en la que calific\u00f3 a \u00c1\u00f1ez de \u00abgolpista autoproclamada\u00bb. Sostuvo adem\u00e1s que la mandataria dio muestra de \u00abservilismo\u00bb a Estados Unidos, y ponder\u00f3 su discurso como \u00abvulgares mentiras\u00bb, detall\u00f3 el diario.<\/p>\n<p>Desde la renuncia del expresidente boliviano Evo Morales, el pasado 10 de noviembre, quien manten\u00eda amplias relaciones con Cuba, y posterior al nombramiento de Jeanine \u00c1\u00f1ez como presidenta interina del pa\u00eds, las relaciones entre ambas naciones se han ido deteriorando.<\/p>\n<p>Uno de los puntos controversiales entre ambos gobiernos es el hecho de que durante los 14 a\u00f1os de gobierno de Morales, llegaron al pa\u00eds andino miles de m\u00e9dicos cubanos.<\/p>\n<p>El nuevo gobierno de \u00c1\u00f1ez les pidi\u00f3 que salieran del pa\u00eds a los pocos d\u00edas de asumir la presidencia y, en esa ocasi\u00f3n, se dijo que solo 30 por ciento de ellos eran profesionales de la salud.<\/p>\n<p>El pasado mi\u00e9rcoles 22, la presidenta \u00c1\u00f1ez acus\u00f3 al gobierno cubano de que los m\u00e9dicos de la isla que trabajaron en territorio boliviano, solo recib\u00edan el 30 por ciento de su asignaci\u00f3n salarial y el resto se lo quedaba el Gobierno de Cuba.<\/p>\n<p>Ese mismo d\u00eda, el canciller cubano Bruno Rodr\u00edguez respondi\u00f3 afirmando que la presidenta boliviana \u00abmiente\u00bb.<\/p>\n<p>Fuente: Agencias<\/p>\n","protected":false},"excerpt":{"rendered":"<p>El Gobierno de Bolivia anunci\u00f3 hoy la suspensi\u00f3n de relaciones diplom\u00e1ticas con Cuba, debido a los \u00abconstantes agravios\u00bb de ese pa\u00eds al proceso democr\u00e1tico boliviano, declar\u00f3 en conferencia de prensa el canciller Yerko N\u00fa\u00f1ez. \u201cHemos tomado la decisi\u00f3n de suspender las relaciones diplom\u00e1ticas con la Rep\u00fablica de Cuba; esta determinaci\u00f3n obedece a las declaraciones recientes<a class=\"read-more\" href=\"https:\/\/globalnewsmexico.com\/sitio\/bolivia-rompe-relaciones-diplomaticas-con-cuba\/\">Leer m\u00e1s<\/a><\/p>\n","protected":false},"author":5,"featured_media":42735,"comment_status":"closed","ping_status":"open","sticky":false,"template":"","format":"standard","meta":{"spay_email":"","footnotes":""},"categories":[37,8,48,52],"tags":[],"jetpack_featured_media_url":"https:\/\/i1.wp.com\/globalnewsmexico.com\/sitio\/wp-content\/uploads\/2020\/01\/1080701.jpg?fit=1040%2C642&ssl=1","jetpack_sharing_enabled":true,"jetpack_shortlink":"https:\/\/wp.me\/p9yqPL-b7g","jetpack_likes_enabled":true,"_links":{"self":[{"href":"https:\/\/globalnewsmexico.com\/sitio\/wp-json\/wp\/v2\/posts\/42734"}],"collection":[{"href":"https:\/\/globalnewsmexico.com\/sitio\/wp-json\/wp\/v2\/posts"}],"about":[{"href":"https:\/\/globalnewsmexico.com\/sitio\/wp-json\/wp\/v2\/types\/post"}],"author":[{"embeddable":true,"href":"https:\/\/globalnewsmexico.com\/sitio\/wp-json\/wp\/v2\/users\/5"}],"replies":[{"embeddable":true,"href":"https:\/\/globalnewsmexico.com\/sitio\/wp-json\/wp\/v2\/comments?post=42734"}],"version-history":[{"count":0,"href":"https:\/\/globalnewsmexico.com\/sitio\/wp-json\/wp\/v2\/posts\/42734\/revisions"}],"wp:featuredmedia":[{"embeddable":true,"href":"https:\/\/globalnewsmexico.com\/sitio\/wp-json\/wp\/v2\/media\/42735"}],"wp:attachment":[{"href":"https:\/\/globalnewsmexico.com\/sitio\/wp-json\/wp\/v2\/media?parent=42734"}],"wp:term":[{"taxonomy":"category","embeddable":true,"href":"https:\/\/globalnewsmexico.com\/sitio\/wp-json\/wp\/v2\/categories?post=42734"},{"taxonomy":"post_tag","embeddable":true,"href":"https:\/\/globalnewsmexico.com\/sitio\/wp-json\/wp\/v2\/tags?post=42734"}],"curies":[{"name":"wp","href":"https:\/\/api.w.org\/{rel}","templated":true}]}}