{"id":42763,"date":"2020-01-25T11:11:44","date_gmt":"2020-01-25T17:11:44","guid":{"rendered":"http:\/\/globalnewsmexico.com\/sitio\/?p=42763"},"modified":"2020-01-25T11:11:44","modified_gmt":"2020-01-25T17:11:44","slug":"nuevo-frente-frio-ingresara-a-veracruz-la-proxima-semana","status":"publish","type":"post","link":"https:\/\/globalnewsmexico.com\/sitio\/nuevo-frente-frio-ingresara-a-veracruz-la-proxima-semana\/","title":{"rendered":"Nuevo frente fr\u00edo ingresar\u00e1 a Veracruz la pr\u00f3xima semana"},"content":{"rendered":"<p>De acuerdo con la Secretar\u00eda de Protecci\u00f3n Civil de Veracruz, un nuevo frente fr\u00edo podr\u00eda ingresar a la entidad a inicios de la pr\u00f3xima semana.<\/p>\n<p>Seg\u00fan la dependencia, para este fin de semana se prev\u00e9n mejores condiciones meteorol\u00f3gicas; sin embargo, a\u00fan se podr\u00edan registrar bancos de niebla y bajas temperaturas por las noches y madrugadas.<\/p>\n<p>Para inicios de la pr\u00f3xima semana, se espera que el frente fr\u00edo n\u00famero 34 ingrese a territorio veracruzano, generando a su paso un evento de &#8216;norte&#8217;.<\/p>\n","protected":false},"excerpt":{"rendered":"<p>De acuerdo con la Secretar\u00eda de Protecci\u00f3n Civil de Veracruz, un nuevo frente fr\u00edo podr\u00eda ingresar a la entidad a inicios de la pr\u00f3xima semana. Seg\u00fan la dependencia, para este fin de semana se prev\u00e9n mejores condiciones meteorol\u00f3gicas; sin embargo, a\u00fan se podr\u00edan registrar bancos de niebla y bajas temperaturas por las noches y madrugadas.<a class=\"read-more\" href=\"https:\/\/globalnewsmexico.com\/sitio\/nuevo-frente-frio-ingresara-a-veracruz-la-proxima-semana\/\">Leer m\u00e1s<\/a><\/p>\n","protected":false},"author":5,"featured_media":42143,"comment_status":"closed","ping_status":"open","sticky":false,"template":"","format":"standard","meta":{"spay_email":"","footnotes":""},"categories":[37,8,50,52],"tags":[],"jetpack_featured_media_url":"https:\/\/i1.wp.com\/globalnewsmexico.com\/sitio\/wp-content\/uploads\/2020\/01\/Entran-vientos-del-norte-a-veracruz.jpg?fit=1040%2C599&ssl=1","jetpack_sharing_enabled":true,"jetpack_shortlink":"https:\/\/wp.me\/p9yqPL-b7J","jetpack_likes_enabled":true,"_links":{"self":[{"href":"https:\/\/globalnewsmexico.com\/sitio\/wp-json\/wp\/v2\/posts\/42763"}],"collection":[{"href":"https:\/\/globalnewsmexico.com\/sitio\/wp-json\/wp\/v2\/posts"}],"about":[{"href":"https:\/\/globalnewsmexico.com\/sitio\/wp-json\/wp\/v2\/types\/post"}],"author":[{"embeddable":true,"href":"https:\/\/globalnewsmexico.com\/sitio\/wp-json\/wp\/v2\/users\/5"}],"replies":[{"embeddable":true,"href":"https:\/\/globalnewsmexico.com\/sitio\/wp-json\/wp\/v2\/comments?post=42763"}],"version-history":[{"count":0,"href":"https:\/\/globalnewsmexico.com\/sitio\/wp-json\/wp\/v2\/posts\/42763\/revisions"}],"wp:featuredmedia":[{"embeddable":true,"href":"https:\/\/globalnewsmexico.com\/sitio\/wp-json\/wp\/v2\/media\/42143"}],"wp:attachment":[{"href":"https:\/\/globalnewsmexico.com\/sitio\/wp-json\/wp\/v2\/media?parent=42763"}],"wp:term":[{"taxonomy":"category","embeddable":true,"href":"https:\/\/globalnewsmexico.com\/sitio\/wp-json\/wp\/v2\/categories?post=42763"},{"taxonomy":"post_tag","embeddable":true,"href":"https:\/\/globalnewsmexico.com\/sitio\/wp-json\/wp\/v2\/tags?post=42763"}],"curies":[{"name":"wp","href":"https:\/\/api.w.org\/{rel}","templated":true}]}}