{"id":42798,"date":"2020-01-27T10:32:19","date_gmt":"2020-01-27T16:32:19","guid":{"rendered":"http:\/\/globalnewsmexico.com\/sitio\/?p=42798"},"modified":"2020-01-27T10:32:19","modified_gmt":"2020-01-27T16:32:19","slug":"solicitara-amlo-elevar-a-rango-constitucional-los-programas-sociales","status":"publish","type":"post","link":"https:\/\/globalnewsmexico.com\/sitio\/solicitara-amlo-elevar-a-rango-constitucional-los-programas-sociales\/","title":{"rendered":"Solicitar\u00e1 AMLO elevar a rango constitucional los programas sociales"},"content":{"rendered":"<p>El presidente Andr\u00e9s Manuel L\u00f3pez Obrador anunci\u00f3 que se reunir\u00e1 con senadores afines a su movimiento, para solicitarles elevar a rango constitucional los programas sociales y su financiamiento.<\/p>\n<p>\u201c\u00bfY saben qu\u00e9 tengo ahora como prioridad? En el caso del Congreso, por eso la invitaci\u00f3n a desayunar a los senadores los tamalitos de chipil\u00edn, porque quiero pedirles de manera respetuosa que se atienda la iniciativa para elevar a rango constitucional lo de las pensiones a adultos mayores, a ni\u00f1as, ni\u00f1os con discapacidad y las becas, que sea obligatorio el que se apoye a estudiantes pobres con becas y que se cuente siempre con presupuesto para esos programas\u201d, dijo.<\/p>\n<p>Explic\u00f3 que hoy mismo se reunir\u00e1 a comer con los gobernadores del PRI, el jueves ser\u00e1 el desayuno con los senadores de Morena, el PT y el Verde Ecologista, y la semana pr\u00f3xima se reunir\u00e1 con los gobernadores del PAN.<\/p>\n<p>Fuente: Notisistema<\/p>\n","protected":false},"excerpt":{"rendered":"<p>El presidente Andr\u00e9s Manuel L\u00f3pez Obrador anunci\u00f3 que se reunir\u00e1 con senadores afines a su movimiento, para solicitarles elevar a rango constitucional los programas sociales y su financiamiento. \u201c\u00bfY saben qu\u00e9 tengo ahora como prioridad? En el caso del Congreso, por eso la invitaci\u00f3n a desayunar a los senadores los tamalitos de chipil\u00edn, porque quiero<a class=\"read-more\" href=\"https:\/\/globalnewsmexico.com\/sitio\/solicitara-amlo-elevar-a-rango-constitucional-los-programas-sociales\/\">Leer m\u00e1s<\/a><\/p>\n","protected":false},"author":5,"featured_media":42799,"comment_status":"closed","ping_status":"open","sticky":false,"template":"","format":"standard","meta":{"spay_email":"","footnotes":""},"categories":[37,8,39,52],"tags":[],"jetpack_featured_media_url":"https:\/\/i2.wp.com\/globalnewsmexico.com\/sitio\/wp-content\/uploads\/2020\/01\/Amlo-L\u00f3pez-Obrador-1-1-610x389.jpg?fit=1040%2C663&ssl=1","jetpack_sharing_enabled":true,"jetpack_shortlink":"https:\/\/wp.me\/p9yqPL-b8i","jetpack_likes_enabled":true,"_links":{"self":[{"href":"https:\/\/globalnewsmexico.com\/sitio\/wp-json\/wp\/v2\/posts\/42798"}],"collection":[{"href":"https:\/\/globalnewsmexico.com\/sitio\/wp-json\/wp\/v2\/posts"}],"about":[{"href":"https:\/\/globalnewsmexico.com\/sitio\/wp-json\/wp\/v2\/types\/post"}],"author":[{"embeddable":true,"href":"https:\/\/globalnewsmexico.com\/sitio\/wp-json\/wp\/v2\/users\/5"}],"replies":[{"embeddable":true,"href":"https:\/\/globalnewsmexico.com\/sitio\/wp-json\/wp\/v2\/comments?post=42798"}],"version-history":[{"count":0,"href":"https:\/\/globalnewsmexico.com\/sitio\/wp-json\/wp\/v2\/posts\/42798\/revisions"}],"wp:featuredmedia":[{"embeddable":true,"href":"https:\/\/globalnewsmexico.com\/sitio\/wp-json\/wp\/v2\/media\/42799"}],"wp:attachment":[{"href":"https:\/\/globalnewsmexico.com\/sitio\/wp-json\/wp\/v2\/media?parent=42798"}],"wp:term":[{"taxonomy":"category","embeddable":true,"href":"https:\/\/globalnewsmexico.com\/sitio\/wp-json\/wp\/v2\/categories?post=42798"},{"taxonomy":"post_tag","embeddable":true,"href":"https:\/\/globalnewsmexico.com\/sitio\/wp-json\/wp\/v2\/tags?post=42798"}],"curies":[{"name":"wp","href":"https:\/\/api.w.org\/{rel}","templated":true}]}}