{"id":42864,"date":"2020-01-28T10:44:27","date_gmt":"2020-01-28T16:44:27","guid":{"rendered":"http:\/\/globalnewsmexico.com\/sitio\/?p=42864"},"modified":"2020-01-28T10:44:27","modified_gmt":"2020-01-28T16:44:27","slug":"ebrard-viaja-a-ee-uu-para-asistir-a-firma-de-trump-del-t-mec","status":"publish","type":"post","link":"https:\/\/globalnewsmexico.com\/sitio\/ebrard-viaja-a-ee-uu-para-asistir-a-firma-de-trump-del-t-mec\/","title":{"rendered":"Ebrard viaja a EE. UU. para asistir a firma de Trump del T-MEC"},"content":{"rendered":"<p>El secretario de Relaciones Exteriores, Marcelo Ebrard, viajar\u00e1 hoy a la ciudad de Washington, Estados Unidos, para participar en la ceremonia organizada por el presidente Donald Trump para la firma del Tratado entre Mexico, Estados Unidos y Canad\u00e1 (T-MEC).<\/p>\n<p>La firma de este acuerdo comercial, que habr\u00eda de remplazar al TLCAN, es la \u00faltima fase antes de que este pueda entrar en vigor, luego de su ratificaci\u00f3n por parte del Congreso estadounidense.<\/p>\n<p>Se espera que hoy la C\u00e1mara de los Comunes de Canad\u00e1 complete su proceso de ratificaci\u00f3n, el \u00faltimo proceso pendiente, ya que M\u00e9xico ratific\u00f3 su proceso de ratificaci\u00f3n desde diciembre del a\u00f1o pasado.<\/p>\n<p>Fuente: Milenio<\/p>\n","protected":false},"excerpt":{"rendered":"<p>El secretario de Relaciones Exteriores, Marcelo Ebrard, viajar\u00e1 hoy a la ciudad de Washington, Estados Unidos, para participar en la ceremonia organizada por el presidente Donald Trump para la firma del Tratado entre Mexico, Estados Unidos y Canad\u00e1 (T-MEC). La firma de este acuerdo comercial, que habr\u00eda de remplazar al TLCAN, es la \u00faltima fase<a class=\"read-more\" href=\"https:\/\/globalnewsmexico.com\/sitio\/ebrard-viaja-a-ee-uu-para-asistir-a-firma-de-trump-del-t-mec\/\">Leer m\u00e1s<\/a><\/p>\n","protected":false},"author":5,"featured_media":42865,"comment_status":"closed","ping_status":"open","sticky":false,"template":"","format":"standard","meta":{"spay_email":"","footnotes":""},"categories":[37,8,40,52],"tags":[],"jetpack_featured_media_url":"https:\/\/i1.wp.com\/globalnewsmexico.com\/sitio\/wp-content\/uploads\/2020\/01\/marcelo-ebrard-secretario-relaciones-exteriores-15_0_23_958_596.jpeg?fit=1040%2C647&ssl=1","jetpack_sharing_enabled":true,"jetpack_shortlink":"https:\/\/wp.me\/p9yqPL-b9m","jetpack_likes_enabled":true,"_links":{"self":[{"href":"https:\/\/globalnewsmexico.com\/sitio\/wp-json\/wp\/v2\/posts\/42864"}],"collection":[{"href":"https:\/\/globalnewsmexico.com\/sitio\/wp-json\/wp\/v2\/posts"}],"about":[{"href":"https:\/\/globalnewsmexico.com\/sitio\/wp-json\/wp\/v2\/types\/post"}],"author":[{"embeddable":true,"href":"https:\/\/globalnewsmexico.com\/sitio\/wp-json\/wp\/v2\/users\/5"}],"replies":[{"embeddable":true,"href":"https:\/\/globalnewsmexico.com\/sitio\/wp-json\/wp\/v2\/comments?post=42864"}],"version-history":[{"count":0,"href":"https:\/\/globalnewsmexico.com\/sitio\/wp-json\/wp\/v2\/posts\/42864\/revisions"}],"wp:featuredmedia":[{"embeddable":true,"href":"https:\/\/globalnewsmexico.com\/sitio\/wp-json\/wp\/v2\/media\/42865"}],"wp:attachment":[{"href":"https:\/\/globalnewsmexico.com\/sitio\/wp-json\/wp\/v2\/media?parent=42864"}],"wp:term":[{"taxonomy":"category","embeddable":true,"href":"https:\/\/globalnewsmexico.com\/sitio\/wp-json\/wp\/v2\/categories?post=42864"},{"taxonomy":"post_tag","embeddable":true,"href":"https:\/\/globalnewsmexico.com\/sitio\/wp-json\/wp\/v2\/tags?post=42864"}],"curies":[{"name":"wp","href":"https:\/\/api.w.org\/{rel}","templated":true}]}}