{"id":42940,"date":"2020-01-29T13:22:07","date_gmt":"2020-01-29T19:22:07","guid":{"rendered":"http:\/\/globalnewsmexico.com\/sitio\/?p=42940"},"modified":"2020-01-29T13:22:07","modified_gmt":"2020-01-29T19:22:07","slug":"piden-a-dirigencia-de-morena-destitucion-de-polevnsky-ante-tepjf","status":"publish","type":"post","link":"https:\/\/globalnewsmexico.com\/sitio\/piden-a-dirigencia-de-morena-destitucion-de-polevnsky-ante-tepjf\/","title":{"rendered":"Piden a dirigencia de Morena destituci\u00f3n de Polevnsky ante TEPJF"},"content":{"rendered":"<p>El aspirante a la dirigencia nacional de Morena, Alejandro Rojas D\u00edaz Dur\u00e1n, presentar\u00e1 ante la Sala Superior del Tribunal Electoral Federal la solicitud formal para la destituci\u00f3n de Yeidckol Polevnsky, secretaria general en funciones de presidenta.<\/p>\n<p>En un escrito difundido en su cuenta en Twitter @rojasdiazduran, indic\u00f3 que ya venci\u00f3 el plazo para emitir la convocatoria para elegir a todos los dirigentes de este partido pol\u00edtico, y por ello presentar\u00e1 su petici\u00f3n ante el Tribunal Electoral del Poder Judicial de la Federaci\u00f3n (TEPJF).<\/p>\n<p>\u00abEn unas horas m\u00e1s estar\u00e9 presentando ante la Sala Superior del TEPJF, la solicitud formal para que inicie el estudio de las medidas preventivas y cautelares, as\u00ed como las sanciones por desacato judicial, incluida la destituci\u00f3n en contra de la secretaria general en funciones de presidenta de Morena, Yeidckol Polevnsky.<\/p>\n<p>Ello, ya que venci\u00f3 ayer el plazo para darle cumplimiento obligatorio a la resoluci\u00f3n que ganamos en esa m\u00e1xima instancia jurisdiccional, a fin de que fije el plazo inapelable y definitivo, para emitir la Convocatoria para elegir a todos los dirigentes de Morena\u00bb, public\u00f3.<\/p>\n<p>De acuerdo con Alejandro Rojas, Polevnsky incurri\u00f3 en una \u00abflagrante violaci\u00f3n e incumplimiento de la sentencia judicial para convocar a un Congreso Nacional por el m\u00e9todo de encuestas, legalmente v\u00e1lidas por este Tribunal (Electoral del Poder Judicial de la Federaci\u00f3n), en un plazo no mayor a 90 d\u00edas\u00bb.<\/p>\n<p>Fuente: Notimex<\/p>\n","protected":false},"excerpt":{"rendered":"<p>El aspirante a la dirigencia nacional de Morena, Alejandro Rojas D\u00edaz Dur\u00e1n, presentar\u00e1 ante la Sala Superior del Tribunal Electoral Federal la solicitud formal para la destituci\u00f3n de Yeidckol Polevnsky, secretaria general en funciones de presidenta. En un escrito difundido en su cuenta en Twitter @rojasdiazduran, indic\u00f3 que ya venci\u00f3 el plazo para emitir la<a class=\"read-more\" href=\"https:\/\/globalnewsmexico.com\/sitio\/piden-a-dirigencia-de-morena-destitucion-de-polevnsky-ante-tepjf\/\">Leer m\u00e1s<\/a><\/p>\n","protected":false},"author":5,"featured_media":42941,"comment_status":"closed","ping_status":"open","sticky":false,"template":"","format":"standard","meta":{"spay_email":"","footnotes":""},"categories":[37,8,49,52],"tags":[],"jetpack_featured_media_url":"https:\/\/i1.wp.com\/globalnewsmexico.com\/sitio\/wp-content\/uploads\/2020\/01\/1081613.jpg?fit=1040%2C652&ssl=1","jetpack_sharing_enabled":true,"jetpack_shortlink":"https:\/\/wp.me\/p9yqPL-baA","jetpack_likes_enabled":true,"_links":{"self":[{"href":"https:\/\/globalnewsmexico.com\/sitio\/wp-json\/wp\/v2\/posts\/42940"}],"collection":[{"href":"https:\/\/globalnewsmexico.com\/sitio\/wp-json\/wp\/v2\/posts"}],"about":[{"href":"https:\/\/globalnewsmexico.com\/sitio\/wp-json\/wp\/v2\/types\/post"}],"author":[{"embeddable":true,"href":"https:\/\/globalnewsmexico.com\/sitio\/wp-json\/wp\/v2\/users\/5"}],"replies":[{"embeddable":true,"href":"https:\/\/globalnewsmexico.com\/sitio\/wp-json\/wp\/v2\/comments?post=42940"}],"version-history":[{"count":0,"href":"https:\/\/globalnewsmexico.com\/sitio\/wp-json\/wp\/v2\/posts\/42940\/revisions"}],"wp:featuredmedia":[{"embeddable":true,"href":"https:\/\/globalnewsmexico.com\/sitio\/wp-json\/wp\/v2\/media\/42941"}],"wp:attachment":[{"href":"https:\/\/globalnewsmexico.com\/sitio\/wp-json\/wp\/v2\/media?parent=42940"}],"wp:term":[{"taxonomy":"category","embeddable":true,"href":"https:\/\/globalnewsmexico.com\/sitio\/wp-json\/wp\/v2\/categories?post=42940"},{"taxonomy":"post_tag","embeddable":true,"href":"https:\/\/globalnewsmexico.com\/sitio\/wp-json\/wp\/v2\/tags?post=42940"}],"curies":[{"name":"wp","href":"https:\/\/api.w.org\/{rel}","templated":true}]}}