{"id":42951,"date":"2020-01-29T14:21:40","date_gmt":"2020-01-29T20:21:40","guid":{"rendered":"http:\/\/globalnewsmexico.com\/sitio\/?p=42951"},"modified":"2020-01-29T14:21:40","modified_gmt":"2020-01-29T20:21:40","slug":"encargada-de-la-fge-de-veracruz-si-paso-examenes-de-confianza-rios-uribe","status":"publish","type":"post","link":"https:\/\/globalnewsmexico.com\/sitio\/encargada-de-la-fge-de-veracruz-si-paso-examenes-de-confianza-rios-uribe\/","title":{"rendered":"Encargada de la FGE de Veracruz s\u00ed pas\u00f3 ex\u00e1menes de confianza: R\u00edos Uribe"},"content":{"rendered":"<p>El diputado Rub\u00e9n R\u00edos Uribe, confirm\u00f3 que ya tiene los ex\u00e1menes de control de confianza que se le realizaron a Ver\u00f3nica Hern\u00e1ndez Giad\u00e1ns, encargada de despacho de la Fiscal\u00eda General del Estado de Veracruz.<\/p>\n<p>De acuerdo con el legislador de Morena, Hern\u00e1ndez Giad\u00e1ns \u201cs\u00ed aprob\u00f3 los ex\u00e1menes por tres a\u00f1os, que se aplican para los funcionarios que tienen que ver con la procuraci\u00f3n de justicia\u201d.<\/p>\n<p>\u201cPuedo decir que s\u00ed lo acredit\u00f3, lo tenemos que es satisfactorio y cuenta con todos los lineamientos de seguridad nacional\u201d, apunt\u00f3.<\/p>\n<p>R\u00edos Uribe precis\u00f3 que tienen un plazo de 45 d\u00edas para hacer p\u00fablicos los resultados, luego de una solicitud por escrito de la diputada panista Mar\u00eda Josefina Gamboa Torales, para conocer dicha informaci\u00f3n; sin embargo, a\u00fan analizan la viabilidad para no violentar alg\u00fan derecho de secrec\u00eda.<\/p>\n<p>El diputado reiter\u00f3 que Ver\u00f3nica Hern\u00e1ndez \u201ces una ciudadana que cumple con el perfil\u201d para ser fiscal general del Estado, y al momento no hay ning\u00fan impedimento legal para que sea ratificada en el cargo.<\/p>\n","protected":false},"excerpt":{"rendered":"<p>El diputado Rub\u00e9n R\u00edos Uribe, confirm\u00f3 que ya tiene los ex\u00e1menes de control de confianza que se le realizaron a Ver\u00f3nica Hern\u00e1ndez Giad\u00e1ns, encargada de despacho de la Fiscal\u00eda General del Estado de Veracruz. De acuerdo con el legislador de Morena, Hern\u00e1ndez Giad\u00e1ns \u201cs\u00ed aprob\u00f3 los ex\u00e1menes por tres a\u00f1os, que se aplican para los<a class=\"read-more\" href=\"https:\/\/globalnewsmexico.com\/sitio\/encargada-de-la-fge-de-veracruz-si-paso-examenes-de-confianza-rios-uribe\/\">Leer m\u00e1s<\/a><\/p>\n","protected":false},"author":5,"featured_media":42952,"comment_status":"closed","ping_status":"open","sticky":false,"template":"","format":"standard","meta":{"spay_email":"","footnotes":""},"categories":[37,8,39,52],"tags":[],"jetpack_featured_media_url":"https:\/\/i1.wp.com\/globalnewsmexico.com\/sitio\/wp-content\/uploads\/2020\/01\/47173243_741765942856334_330604235731238912_n.jpg?fit=1040%2C853&ssl=1","jetpack_sharing_enabled":true,"jetpack_shortlink":"https:\/\/wp.me\/p9yqPL-baL","jetpack_likes_enabled":true,"_links":{"self":[{"href":"https:\/\/globalnewsmexico.com\/sitio\/wp-json\/wp\/v2\/posts\/42951"}],"collection":[{"href":"https:\/\/globalnewsmexico.com\/sitio\/wp-json\/wp\/v2\/posts"}],"about":[{"href":"https:\/\/globalnewsmexico.com\/sitio\/wp-json\/wp\/v2\/types\/post"}],"author":[{"embeddable":true,"href":"https:\/\/globalnewsmexico.com\/sitio\/wp-json\/wp\/v2\/users\/5"}],"replies":[{"embeddable":true,"href":"https:\/\/globalnewsmexico.com\/sitio\/wp-json\/wp\/v2\/comments?post=42951"}],"version-history":[{"count":0,"href":"https:\/\/globalnewsmexico.com\/sitio\/wp-json\/wp\/v2\/posts\/42951\/revisions"}],"wp:featuredmedia":[{"embeddable":true,"href":"https:\/\/globalnewsmexico.com\/sitio\/wp-json\/wp\/v2\/media\/42952"}],"wp:attachment":[{"href":"https:\/\/globalnewsmexico.com\/sitio\/wp-json\/wp\/v2\/media?parent=42951"}],"wp:term":[{"taxonomy":"category","embeddable":true,"href":"https:\/\/globalnewsmexico.com\/sitio\/wp-json\/wp\/v2\/categories?post=42951"},{"taxonomy":"post_tag","embeddable":true,"href":"https:\/\/globalnewsmexico.com\/sitio\/wp-json\/wp\/v2\/tags?post=42951"}],"curies":[{"name":"wp","href":"https:\/\/api.w.org\/{rel}","templated":true}]}}