{"id":43052,"date":"2020-01-31T13:25:30","date_gmt":"2020-01-31T19:25:30","guid":{"rendered":"http:\/\/globalnewsmexico.com\/sitio\/?p=43052"},"modified":"2020-01-31T13:25:30","modified_gmt":"2020-01-31T19:25:30","slug":"fge-y-ejecutivo-anuncian-captura-importante-de-objetivo-prioritario","status":"publish","type":"post","link":"https:\/\/globalnewsmexico.com\/sitio\/fge-y-ejecutivo-anuncian-captura-importante-de-objetivo-prioritario\/","title":{"rendered":"FGE y Ejecutivo anuncian captura importante de objetivo prioritario"},"content":{"rendered":"<p>La Encargada del Despacho de la Fiscal\u00eda General del Estado (FGE) de Veracruz, Ver\u00f3nica Hern\u00e1ndez Giad\u00e1ns, y el gobernador Cuitl\u00e1huac Garc\u00eda Jim\u00e9nez, dieron a conocer, como parte de los resultados de la Mesa de Coordinaci\u00f3n para la Reconstrucci\u00f3n de la Paz, la captura de un objetivo prioritario perteneciente al grupo delictivo de los Zetas, considerado como alto generador de violencia en la zona centro del Estado. <\/p>\n<p>Se trata de Diana &#8216;N&#8217; alias &#8216;La G\u00fcera&#8217;, que gracias al trabajo coordinado de investigaci\u00f3n entre la Coordinaci\u00f3n Nacional Antisecuestro (CONASE) y la Unidad Especializada en Combate al Secuestro de la FGE (UECS), pudo ser localizada y detenida en la Ciudad de M\u00e9xico. <\/p>\n<p>Diana &#8216;N&#8217; alias &#8216;La G\u00fcera&#8217;, es se\u00f1alada como responsable de coordinar y ejecutar diversos hechos delictivos, como secuestro, extorsi\u00f3n y robo de transporte de carga en los municipios de Cordoba, Orizaba, Nogales y Ciudad Mendoza, as\u00ed como en la zona conurbada con el Estado de Puebla.<\/p>\n<p>Tambi\u00e9n, gracias a la red de v\u00ednculos se logr\u00f3 la detenci\u00f3n de uno de sus c\u00f3mplices, Jos\u00e9 Luis &#8216;N&#8217;.<\/p>\n<p>La Encargada del Despacho, Ver\u00f3nica Hern\u00e1ndez Giad\u00e1ns, reiter\u00f3 que en la Fiscal\u00eda General del Estado, ahora a su cargo, ning\u00fan grupo delictivo tendr\u00e1 consideraci\u00f3n alguna.<\/p>\n","protected":false},"excerpt":{"rendered":"<p>La Encargada del Despacho de la Fiscal\u00eda General del Estado (FGE) de Veracruz, Ver\u00f3nica Hern\u00e1ndez Giad\u00e1ns, y el gobernador Cuitl\u00e1huac Garc\u00eda Jim\u00e9nez, dieron a conocer, como parte de los resultados de la Mesa de Coordinaci\u00f3n para la Reconstrucci\u00f3n de la Paz, la captura de un objetivo prioritario perteneciente al grupo delictivo de los Zetas, considerado<a class=\"read-more\" href=\"https:\/\/globalnewsmexico.com\/sitio\/fge-y-ejecutivo-anuncian-captura-importante-de-objetivo-prioritario\/\">Leer m\u00e1s<\/a><\/p>\n","protected":false},"author":5,"featured_media":43053,"comment_status":"closed","ping_status":"open","sticky":false,"template":"","format":"standard","meta":{"spay_email":"","footnotes":""},"categories":[37,8,50,52],"tags":[],"jetpack_featured_media_url":"https:\/\/i0.wp.com\/globalnewsmexico.com\/sitio\/wp-content\/uploads\/2020\/01\/80fd19e8-7ebe-442e-8cb7-ccba45a75d50.jpg?fit=1040%2C693&ssl=1","jetpack_sharing_enabled":true,"jetpack_shortlink":"https:\/\/wp.me\/p9yqPL-bco","jetpack_likes_enabled":true,"_links":{"self":[{"href":"https:\/\/globalnewsmexico.com\/sitio\/wp-json\/wp\/v2\/posts\/43052"}],"collection":[{"href":"https:\/\/globalnewsmexico.com\/sitio\/wp-json\/wp\/v2\/posts"}],"about":[{"href":"https:\/\/globalnewsmexico.com\/sitio\/wp-json\/wp\/v2\/types\/post"}],"author":[{"embeddable":true,"href":"https:\/\/globalnewsmexico.com\/sitio\/wp-json\/wp\/v2\/users\/5"}],"replies":[{"embeddable":true,"href":"https:\/\/globalnewsmexico.com\/sitio\/wp-json\/wp\/v2\/comments?post=43052"}],"version-history":[{"count":0,"href":"https:\/\/globalnewsmexico.com\/sitio\/wp-json\/wp\/v2\/posts\/43052\/revisions"}],"wp:featuredmedia":[{"embeddable":true,"href":"https:\/\/globalnewsmexico.com\/sitio\/wp-json\/wp\/v2\/media\/43053"}],"wp:attachment":[{"href":"https:\/\/globalnewsmexico.com\/sitio\/wp-json\/wp\/v2\/media?parent=43052"}],"wp:term":[{"taxonomy":"category","embeddable":true,"href":"https:\/\/globalnewsmexico.com\/sitio\/wp-json\/wp\/v2\/categories?post=43052"},{"taxonomy":"post_tag","embeddable":true,"href":"https:\/\/globalnewsmexico.com\/sitio\/wp-json\/wp\/v2\/tags?post=43052"}],"curies":[{"name":"wp","href":"https:\/\/api.w.org\/{rel}","templated":true}]}}