{"id":43078,"date":"2020-02-01T11:24:56","date_gmt":"2020-02-01T17:24:56","guid":{"rendered":"http:\/\/globalnewsmexico.com\/sitio\/?p=43078"},"modified":"2020-02-01T11:24:56","modified_gmt":"2020-02-01T17:24:56","slug":"cerca-de-100-mil-veracruzanos-concluyen-programa-jovenes-construyendo-el-futuro","status":"publish","type":"post","link":"https:\/\/globalnewsmexico.com\/sitio\/cerca-de-100-mil-veracruzanos-concluyen-programa-jovenes-construyendo-el-futuro\/","title":{"rendered":"Cerca de 100 mil veracruzanos concluyen programa &#8216;J\u00f3venes Construyendo el Futuro&#8217;"},"content":{"rendered":"<p>En Veracruz, alrededor de 100 mil beneficiarios concluyeron su etapa en el programa &#8216;J\u00f3venes Construyendo el Futuro&#8217;, inform\u00f3 el delegado federal Manuel Huerta Ladr\u00f3n de Guevara. El \u00faltimo pago diferido que recibir\u00e1n, ser\u00e1 en febrero.<\/p>\n<p>De acuerdo con el funcionario, al terminar el programa los j\u00f3venes recibir\u00e1n un certificado de capacitaci\u00f3n firmado por el presidente de la Rep\u00fablica, Andr\u00e9s Manuel L\u00f3pez Obrador.<\/p>\n<p>\u00abM\u00e1s que una carta de recomendaci\u00f3n, es un documento que acredita que el joven se capacit\u00f3 para el trabajo en un centro para lo mismo\u00bb, dijo.<\/p>\n<p>Ahora el Gobierno, a trav\u00e9s de la Secretar\u00eda de Trabajo y Previsi\u00f3n Social (STPS), habilit\u00f3 la plataforma para los interesados que busquen participar en el programa. Se espera que aproximadamente 150 mil se inscriban en toda la entidad veracruzana, para el periodo 2020-2021.<\/p>\n<p>Fuente: Xeu Noticias<\/p>\n","protected":false},"excerpt":{"rendered":"<p>En Veracruz, alrededor de 100 mil beneficiarios concluyeron su etapa en el programa &#8216;J\u00f3venes Construyendo el Futuro&#8217;, inform\u00f3 el delegado federal Manuel Huerta Ladr\u00f3n de Guevara. El \u00faltimo pago diferido que recibir\u00e1n, ser\u00e1 en febrero. De acuerdo con el funcionario, al terminar el programa los j\u00f3venes recibir\u00e1n un certificado de capacitaci\u00f3n firmado por el presidente<a class=\"read-more\" href=\"https:\/\/globalnewsmexico.com\/sitio\/cerca-de-100-mil-veracruzanos-concluyen-programa-jovenes-construyendo-el-futuro\/\">Leer m\u00e1s<\/a><\/p>\n","protected":false},"author":5,"featured_media":43079,"comment_status":"closed","ping_status":"open","sticky":false,"template":"","format":"standard","meta":{"spay_email":"","footnotes":""},"categories":[37,8,50,52],"tags":[],"jetpack_featured_media_url":"https:\/\/i0.wp.com\/globalnewsmexico.com\/sitio\/wp-content\/uploads\/2020\/02\/1082166.jpg?fit=1040%2C673&ssl=1","jetpack_sharing_enabled":true,"jetpack_shortlink":"https:\/\/wp.me\/p9yqPL-bcO","jetpack_likes_enabled":true,"_links":{"self":[{"href":"https:\/\/globalnewsmexico.com\/sitio\/wp-json\/wp\/v2\/posts\/43078"}],"collection":[{"href":"https:\/\/globalnewsmexico.com\/sitio\/wp-json\/wp\/v2\/posts"}],"about":[{"href":"https:\/\/globalnewsmexico.com\/sitio\/wp-json\/wp\/v2\/types\/post"}],"author":[{"embeddable":true,"href":"https:\/\/globalnewsmexico.com\/sitio\/wp-json\/wp\/v2\/users\/5"}],"replies":[{"embeddable":true,"href":"https:\/\/globalnewsmexico.com\/sitio\/wp-json\/wp\/v2\/comments?post=43078"}],"version-history":[{"count":0,"href":"https:\/\/globalnewsmexico.com\/sitio\/wp-json\/wp\/v2\/posts\/43078\/revisions"}],"wp:featuredmedia":[{"embeddable":true,"href":"https:\/\/globalnewsmexico.com\/sitio\/wp-json\/wp\/v2\/media\/43079"}],"wp:attachment":[{"href":"https:\/\/globalnewsmexico.com\/sitio\/wp-json\/wp\/v2\/media?parent=43078"}],"wp:term":[{"taxonomy":"category","embeddable":true,"href":"https:\/\/globalnewsmexico.com\/sitio\/wp-json\/wp\/v2\/categories?post=43078"},{"taxonomy":"post_tag","embeddable":true,"href":"https:\/\/globalnewsmexico.com\/sitio\/wp-json\/wp\/v2\/tags?post=43078"}],"curies":[{"name":"wp","href":"https:\/\/api.w.org\/{rel}","templated":true}]}}