{"id":43174,"date":"2020-02-04T09:40:03","date_gmt":"2020-02-04T15:40:03","guid":{"rendered":"http:\/\/globalnewsmexico.com\/sitio\/?p=43174"},"modified":"2020-02-04T09:40:03","modified_gmt":"2020-02-04T15:40:03","slug":"vuelca-camion-con-migrantes-en-san-matias-veracruz-hay-20-lesionados","status":"publish","type":"post","link":"https:\/\/globalnewsmexico.com\/sitio\/vuelca-camion-con-migrantes-en-san-matias-veracruz-hay-20-lesionados\/","title":{"rendered":"Vuelca cami\u00f3n con migrantes en San Mat\u00edas, Veracruz; hay 20 lesionados"},"content":{"rendered":"<p>Un tractocami\u00f3n que presuntamente trasladaba a migrantes, volc\u00f3 sobre la carretera federal en el tramo comprendido entre San Andr\u00e9s Tuxtla y Santiago Tuxtla, Veracruz; hay al menos 20 indocumentados lesionados.<\/p>\n<p>Los hechos ocurrieron a la altura del lugar conocido como San Mat\u00edas, donde el conductor del tractocami\u00f3n perdi\u00f3 el control de la unidad al pasar una curva.<\/p>\n<p>El cami\u00f3n termin\u00f3 volcado a escasos metros de la carpeta asf\u00e1ltica, lo que dej\u00f3 a al menos 20 migrantes heridos, quienes fueron auxiliados por param\u00e9dicos que acudieron al sitio. Hasta el momento no se ha precisado si hay alguna persona fallecida.<\/p>\n<p>Elementos de la Cruz Roja, Protecci\u00f3n Civil y Bomberos contin\u00faan en el lugar del siniestro.<\/p>\n","protected":false},"excerpt":{"rendered":"<p>Un tractocami\u00f3n que presuntamente trasladaba a migrantes, volc\u00f3 sobre la carretera federal en el tramo comprendido entre San Andr\u00e9s Tuxtla y Santiago Tuxtla, Veracruz; hay al menos 20 indocumentados lesionados. Los hechos ocurrieron a la altura del lugar conocido como San Mat\u00edas, donde el conductor del tractocami\u00f3n perdi\u00f3 el control de la unidad al pasar<a class=\"read-more\" href=\"https:\/\/globalnewsmexico.com\/sitio\/vuelca-camion-con-migrantes-en-san-matias-veracruz-hay-20-lesionados\/\">Leer m\u00e1s<\/a><\/p>\n","protected":false},"author":5,"featured_media":43175,"comment_status":"closed","ping_status":"open","sticky":false,"template":"","format":"standard","meta":{"spay_email":"","footnotes":""},"categories":[37,8,50,52],"tags":[],"jetpack_featured_media_url":"https:\/\/i2.wp.com\/globalnewsmexico.com\/sitio\/wp-content\/uploads\/2020\/02\/f7971149-0e4b-4277-a3b7-5f63a5ba4fe9.jpg?fit=1040%2C585&ssl=1","jetpack_sharing_enabled":true,"jetpack_shortlink":"https:\/\/wp.me\/p9yqPL-bem","jetpack_likes_enabled":true,"_links":{"self":[{"href":"https:\/\/globalnewsmexico.com\/sitio\/wp-json\/wp\/v2\/posts\/43174"}],"collection":[{"href":"https:\/\/globalnewsmexico.com\/sitio\/wp-json\/wp\/v2\/posts"}],"about":[{"href":"https:\/\/globalnewsmexico.com\/sitio\/wp-json\/wp\/v2\/types\/post"}],"author":[{"embeddable":true,"href":"https:\/\/globalnewsmexico.com\/sitio\/wp-json\/wp\/v2\/users\/5"}],"replies":[{"embeddable":true,"href":"https:\/\/globalnewsmexico.com\/sitio\/wp-json\/wp\/v2\/comments?post=43174"}],"version-history":[{"count":0,"href":"https:\/\/globalnewsmexico.com\/sitio\/wp-json\/wp\/v2\/posts\/43174\/revisions"}],"wp:featuredmedia":[{"embeddable":true,"href":"https:\/\/globalnewsmexico.com\/sitio\/wp-json\/wp\/v2\/media\/43175"}],"wp:attachment":[{"href":"https:\/\/globalnewsmexico.com\/sitio\/wp-json\/wp\/v2\/media?parent=43174"}],"wp:term":[{"taxonomy":"category","embeddable":true,"href":"https:\/\/globalnewsmexico.com\/sitio\/wp-json\/wp\/v2\/categories?post=43174"},{"taxonomy":"post_tag","embeddable":true,"href":"https:\/\/globalnewsmexico.com\/sitio\/wp-json\/wp\/v2\/tags?post=43174"}],"curies":[{"name":"wp","href":"https:\/\/api.w.org\/{rel}","templated":true}]}}